{"id":10126,"date":"2022-06-10T14:04:34","date_gmt":"2022-06-10T18:04:34","guid":{"rendered":"https:\/\/tv.utalca.cl\/?p=10126"},"modified":"2022-06-10T14:04:34","modified_gmt":"2022-06-10T18:04:34","slug":"artista-visual-abordo-el-uso-de-la-luz-y-las-nuevas-tecnologias-durante-seminario-en-la-utalca","status":"publish","type":"post","link":"https:\/\/tv.utalca.cl\/?p=10126","title":{"rendered":"Artista visual abord\u00f3 el uso de la luz y las nuevas tecnolog\u00edas durante seminario en la UTalca"},"content":{"rendered":"<p>Marco Mart\u00ednez, analiz\u00f3 adem\u00e1s la incidencia de estos procesos creativos en los espacios p\u00fablicos. La actividad fue organizada por la Facultad de Arquitectura, M\u00fasica y Dise\u00f1o.<\/p>\n","protected":false},"excerpt":{"rendered":"<p>Marco Mart\u00ednez, analiz\u00f3 adem\u00e1s la incidencia de estos procesos creativos en los espacios p\u00fablicos. La actividad fue organizada por la Facultad de Arquitectura, M\u00fasica y Dise\u00f1o.<\/p>\n","protected":false},"author":1,"featured_media":10127,"comment_status":"open","ping_status":"open","sticky":false,"template":"","format":"video","meta":{"om_disable_all_campaigns":false,"_monsterinsights_skip_tracking":false,"_monsterinsights_sitenote_active":false,"_monsterinsights_sitenote_note":"","_monsterinsights_sitenote_category":0,"footnotes":""},"categories":[93,92],"tags":[],"class_list":["post-10126","post","type-post","status-publish","format-video","has-post-thumbnail","hentry","category-noticias","category-utalcatv-informa","post_format-post-format-video","slider-tags-campustv-informa","slider-tags-slider","slider-tags-titular"],"aioseo_notices":[],"_links":{"self":[{"href":"https:\/\/tv.utalca.cl\/index.php?rest_route=\/wp\/v2\/posts\/10126","targetHints":{"allow":["GET"]}}],"collection":[{"href":"https:\/\/tv.utalca.cl\/index.php?rest_route=\/wp\/v2\/posts"}],"about":[{"href":"https:\/\/tv.utalca.cl\/index.php?rest_route=\/wp\/v2\/types\/post"}],"author":[{"embeddable":true,"href":"https:\/\/tv.utalca.cl\/index.php?rest_route=\/wp\/v2\/users\/1"}],"replies":[{"embeddable":true,"href":"https:\/\/tv.utalca.cl\/index.php?rest_route=%2Fwp%2Fv2%2Fcomments&post=10126"}],"version-history":[{"count":1,"href":"https:\/\/tv.utalca.cl\/index.php?rest_route=\/wp\/v2\/posts\/10126\/revisions"}],"predecessor-version":[{"id":10128,"href":"https:\/\/tv.utalca.cl\/index.php?rest_route=\/wp\/v2\/posts\/10126\/revisions\/10128"}],"wp:featuredmedia":[{"embeddable":true,"href":"https:\/\/tv.utalca.cl\/index.php?rest_route=\/wp\/v2\/media\/10127"}],"wp:attachment":[{"href":"https:\/\/tv.utalca.cl\/index.php?rest_route=%2Fwp%2Fv2%2Fmedia&parent=10126"}],"wp:term":[{"taxonomy":"category","embeddable":true,"href":"https:\/\/tv.utalca.cl\/index.php?rest_route=%2Fwp%2Fv2%2Fcategories&post=10126"},{"taxonomy":"post_tag","embeddable":true,"href":"https:\/\/tv.utalca.cl\/index.php?rest_route=%2Fwp%2Fv2%2Ftags&post=10126"}],"curies":[{"name":"wp","href":"https:\/\/api.w.org\/{rel}","templated":true}]}}