{"id":10531,"date":"2022-10-13T17:05:25","date_gmt":"2022-10-13T20:05:25","guid":{"rendered":"https:\/\/tv.utalca.cl\/?p=10531"},"modified":"2022-10-14T12:32:54","modified_gmt":"2022-10-14T15:32:54","slug":"labor-de-fonoaudiologos-as-se-ha-potenciado-en-pandemia","status":"publish","type":"post","link":"https:\/\/tv.utalca.cl\/?p=10531","title":{"rendered":"Labor de fonoaudi\u00f3logos\/as se ha potenciado en pandemia"},"content":{"rendered":"<p><span class=\"style-scope yt-formatted-string\" dir=\"auto\">Una de las principales consultas que actualmente reciben los especialistas de la UTalca tiene relaci\u00f3n con las dificultades en el lenguaje que presentan ni\u00f1os y ni\u00f1as a ra\u00edz de la crisis sanitaria. Los\/as acad\u00e9micos\/as de la instituci\u00f3n, destacan adem\u00e1s la importancia de la formaci\u00f3n de los futuros\/as profesionales.<\/span><\/p>\n","protected":false},"excerpt":{"rendered":"<p>Una de las principales consultas que actualmente reciben los especialistas de la UTalca tiene relaci\u00f3n con las dificultades en el lenguaje que presentan ni\u00f1os y ni\u00f1as a ra\u00edz de la crisis sanitaria. Los\/as acad\u00e9micos\/as de la instituci\u00f3n, destacan adem\u00e1s la importancia de la formaci\u00f3n de los futuros\/as profesionales.<\/p>\n","protected":false},"author":1,"featured_media":10532,"comment_status":"open","ping_status":"open","sticky":false,"template":"","format":"video","meta":{"om_disable_all_campaigns":false,"_monsterinsights_skip_tracking":false,"_monsterinsights_sitenote_active":false,"_monsterinsights_sitenote_note":"","_monsterinsights_sitenote_category":0,"footnotes":""},"categories":[93,92],"tags":[],"class_list":["post-10531","post","type-post","status-publish","format-video","has-post-thumbnail","hentry","category-noticias","category-utalcatv-informa","post_format-post-format-video","slider-tags-campustv-informa","slider-tags-slider","slider-tags-titular"],"aioseo_notices":[],"_links":{"self":[{"href":"https:\/\/tv.utalca.cl\/index.php?rest_route=\/wp\/v2\/posts\/10531","targetHints":{"allow":["GET"]}}],"collection":[{"href":"https:\/\/tv.utalca.cl\/index.php?rest_route=\/wp\/v2\/posts"}],"about":[{"href":"https:\/\/tv.utalca.cl\/index.php?rest_route=\/wp\/v2\/types\/post"}],"author":[{"embeddable":true,"href":"https:\/\/tv.utalca.cl\/index.php?rest_route=\/wp\/v2\/users\/1"}],"replies":[{"embeddable":true,"href":"https:\/\/tv.utalca.cl\/index.php?rest_route=%2Fwp%2Fv2%2Fcomments&post=10531"}],"version-history":[{"count":1,"href":"https:\/\/tv.utalca.cl\/index.php?rest_route=\/wp\/v2\/posts\/10531\/revisions"}],"predecessor-version":[{"id":10533,"href":"https:\/\/tv.utalca.cl\/index.php?rest_route=\/wp\/v2\/posts\/10531\/revisions\/10533"}],"wp:featuredmedia":[{"embeddable":true,"href":"https:\/\/tv.utalca.cl\/index.php?rest_route=\/wp\/v2\/media\/10532"}],"wp:attachment":[{"href":"https:\/\/tv.utalca.cl\/index.php?rest_route=%2Fwp%2Fv2%2Fmedia&parent=10531"}],"wp:term":[{"taxonomy":"category","embeddable":true,"href":"https:\/\/tv.utalca.cl\/index.php?rest_route=%2Fwp%2Fv2%2Fcategories&post=10531"},{"taxonomy":"post_tag","embeddable":true,"href":"https:\/\/tv.utalca.cl\/index.php?rest_route=%2Fwp%2Fv2%2Ftags&post=10531"}],"curies":[{"name":"wp","href":"https:\/\/api.w.org\/{rel}","templated":true}]}}