{"id":10705,"date":"2022-12-20T16:11:33","date_gmt":"2022-12-20T19:11:33","guid":{"rendered":"https:\/\/tv.utalca.cl\/?p=10705"},"modified":"2022-12-20T16:11:33","modified_gmt":"2022-12-20T19:11:33","slug":"estudio-utalca-revela-los-prejuicios-que-perciben-los-migrantes-para-acceder-al-mercado-laboral","status":"publish","type":"post","link":"https:\/\/tv.utalca.cl\/?p=10705","title":{"rendered":"Estudio UTalca revela los prejuicios que perciben los migrantes para acceder al mercado laboral"},"content":{"rendered":"<div id=\"info-container\" class=\"style-scope ytd-watch-metadata\">Los resultados m\u00e1s relevantes arrojaron que el 50,7% de los encuestados sienten que se tiende a asociar la inmigraci\u00f3n con actividades delictivas, lo que muchas veces genera discriminaci\u00f3n.<\/div>\n<p>&nbsp;<\/p>\n","protected":false},"excerpt":{"rendered":"<p>Los resultados m\u00e1s relevantes arrojaron que el 50,7% de los encuestados sienten que se tiende a asociar la inmigraci\u00f3n con actividades delictivas, lo que muchas veces genera discriminaci\u00f3n. &nbsp;<\/p>\n","protected":false},"author":1,"featured_media":10706,"comment_status":"open","ping_status":"open","sticky":false,"template":"","format":"video","meta":{"om_disable_all_campaigns":false,"_monsterinsights_skip_tracking":false,"_monsterinsights_sitenote_active":false,"_monsterinsights_sitenote_note":"","_monsterinsights_sitenote_category":0,"footnotes":""},"categories":[93,92],"tags":[],"class_list":["post-10705","post","type-post","status-publish","format-video","has-post-thumbnail","hentry","category-noticias","category-utalcatv-informa","post_format-post-format-video","slider-tags-campustv-informa","slider-tags-slider","slider-tags-titular"],"aioseo_notices":[],"_links":{"self":[{"href":"https:\/\/tv.utalca.cl\/index.php?rest_route=\/wp\/v2\/posts\/10705","targetHints":{"allow":["GET"]}}],"collection":[{"href":"https:\/\/tv.utalca.cl\/index.php?rest_route=\/wp\/v2\/posts"}],"about":[{"href":"https:\/\/tv.utalca.cl\/index.php?rest_route=\/wp\/v2\/types\/post"}],"author":[{"embeddable":true,"href":"https:\/\/tv.utalca.cl\/index.php?rest_route=\/wp\/v2\/users\/1"}],"replies":[{"embeddable":true,"href":"https:\/\/tv.utalca.cl\/index.php?rest_route=%2Fwp%2Fv2%2Fcomments&post=10705"}],"version-history":[{"count":1,"href":"https:\/\/tv.utalca.cl\/index.php?rest_route=\/wp\/v2\/posts\/10705\/revisions"}],"predecessor-version":[{"id":10707,"href":"https:\/\/tv.utalca.cl\/index.php?rest_route=\/wp\/v2\/posts\/10705\/revisions\/10707"}],"wp:featuredmedia":[{"embeddable":true,"href":"https:\/\/tv.utalca.cl\/index.php?rest_route=\/wp\/v2\/media\/10706"}],"wp:attachment":[{"href":"https:\/\/tv.utalca.cl\/index.php?rest_route=%2Fwp%2Fv2%2Fmedia&parent=10705"}],"wp:term":[{"taxonomy":"category","embeddable":true,"href":"https:\/\/tv.utalca.cl\/index.php?rest_route=%2Fwp%2Fv2%2Fcategories&post=10705"},{"taxonomy":"post_tag","embeddable":true,"href":"https:\/\/tv.utalca.cl\/index.php?rest_route=%2Fwp%2Fv2%2Ftags&post=10705"}],"curies":[{"name":"wp","href":"https:\/\/api.w.org\/{rel}","templated":true}]}}