{"id":10955,"date":"2023-03-07T17:11:58","date_gmt":"2023-03-07T20:11:58","guid":{"rendered":"https:\/\/tv.utalca.cl\/?p=10955"},"modified":"2023-03-08T16:46:03","modified_gmt":"2023-03-08T19:46:03","slug":"academicas-de-la-utalca-contribuyen-a-la-equidad-de-genero","status":"publish","type":"post","link":"https:\/\/tv.utalca.cl\/?p=10955","title":{"rendered":"Acad\u00e9micas de la UTalca contribuyen a la equidad de g\u00e9nero"},"content":{"rendered":"<p><span style=\"font-weight: 400;\">Desde una plataforma para medir la brecha salarial de g\u00e9nero hasta la implementaci\u00f3n de un proyecto que busca abrir nuevos espacios para mujeres en ciencia y tecnolog\u00eda son algunas de las acciones que se est\u00e1n desarrollando en la Instituci\u00f3n. <\/span><\/p>\n<p>&nbsp;<\/p>\n<p>&nbsp;<\/p>\n","protected":false},"excerpt":{"rendered":"<p>Desde una plataforma para medir la brecha salarial de g\u00e9nero hasta la implementaci\u00f3n de un proyecto que busca abrir nuevos espacios para mujeres en ciencia y tecnolog\u00eda son algunas de las acciones que se est\u00e1n desarrollando en la Instituci\u00f3n. &nbsp; &nbsp;<\/p>\n","protected":false},"author":1,"featured_media":10957,"comment_status":"open","ping_status":"open","sticky":false,"template":"","format":"standard","meta":{"om_disable_all_campaigns":false,"_monsterinsights_skip_tracking":false,"_monsterinsights_sitenote_active":false,"_monsterinsights_sitenote_note":"","_monsterinsights_sitenote_category":0,"footnotes":""},"categories":[93,92],"tags":[],"class_list":["post-10955","post","type-post","status-publish","format-standard","has-post-thumbnail","hentry","category-noticias","category-utalcatv-informa","slider-tags-campustv-informa","slider-tags-slider","slider-tags-titular"],"aioseo_notices":[],"_links":{"self":[{"href":"https:\/\/tv.utalca.cl\/index.php?rest_route=\/wp\/v2\/posts\/10955","targetHints":{"allow":["GET"]}}],"collection":[{"href":"https:\/\/tv.utalca.cl\/index.php?rest_route=\/wp\/v2\/posts"}],"about":[{"href":"https:\/\/tv.utalca.cl\/index.php?rest_route=\/wp\/v2\/types\/post"}],"author":[{"embeddable":true,"href":"https:\/\/tv.utalca.cl\/index.php?rest_route=\/wp\/v2\/users\/1"}],"replies":[{"embeddable":true,"href":"https:\/\/tv.utalca.cl\/index.php?rest_route=%2Fwp%2Fv2%2Fcomments&post=10955"}],"version-history":[{"count":1,"href":"https:\/\/tv.utalca.cl\/index.php?rest_route=\/wp\/v2\/posts\/10955\/revisions"}],"predecessor-version":[{"id":10958,"href":"https:\/\/tv.utalca.cl\/index.php?rest_route=\/wp\/v2\/posts\/10955\/revisions\/10958"}],"wp:featuredmedia":[{"embeddable":true,"href":"https:\/\/tv.utalca.cl\/index.php?rest_route=\/wp\/v2\/media\/10957"}],"wp:attachment":[{"href":"https:\/\/tv.utalca.cl\/index.php?rest_route=%2Fwp%2Fv2%2Fmedia&parent=10955"}],"wp:term":[{"taxonomy":"category","embeddable":true,"href":"https:\/\/tv.utalca.cl\/index.php?rest_route=%2Fwp%2Fv2%2Fcategories&post=10955"},{"taxonomy":"post_tag","embeddable":true,"href":"https:\/\/tv.utalca.cl\/index.php?rest_route=%2Fwp%2Fv2%2Ftags&post=10955"}],"curies":[{"name":"wp","href":"https:\/\/api.w.org\/{rel}","templated":true}]}}