{"id":10971,"date":"2023-03-08T16:59:41","date_gmt":"2023-03-08T19:59:41","guid":{"rendered":"https:\/\/tv.utalca.cl\/?p=10971"},"modified":"2023-03-08T16:59:41","modified_gmt":"2023-03-08T19:59:41","slug":"reconocen-la-trayectoria-de-academicas-de-la-utalca-durante-la-conmemoracion-del-8m","status":"publish","type":"post","link":"https:\/\/tv.utalca.cl\/?p=10971","title":{"rendered":"Reconocen la trayectoria de acad\u00e9micas de la UTalca durante la conmemoraci\u00f3n del 8M"},"content":{"rendered":"<p><span style=\"font-weight: 400;\">La ceremonia oficial que conmemor\u00f3 el D\u00eda Internacional de la Mujer se realiz\u00f3 en el Centro de Extensi\u00f3n de la Casa de Estudios<\/span><\/p>\n<p>&nbsp;<\/p>\n<p>&nbsp;<\/p>\n","protected":false},"excerpt":{"rendered":"<p>La ceremonia oficial que conmemor\u00f3 el D\u00eda Internacional de la Mujer se realiz\u00f3 en el Centro de Extensi\u00f3n de la Casa de Estudios &nbsp; &nbsp;<\/p>\n","protected":false},"author":1,"featured_media":10972,"comment_status":"open","ping_status":"open","sticky":false,"template":"","format":"standard","meta":{"om_disable_all_campaigns":false,"_monsterinsights_skip_tracking":false,"_monsterinsights_sitenote_active":false,"_monsterinsights_sitenote_note":"","_monsterinsights_sitenote_category":0,"footnotes":""},"categories":[93,92],"tags":[],"class_list":["post-10971","post","type-post","status-publish","format-standard","has-post-thumbnail","hentry","category-noticias","category-utalcatv-informa","slider-tags-campustv-informa","slider-tags-slider","slider-tags-titular"],"aioseo_notices":[],"_links":{"self":[{"href":"https:\/\/tv.utalca.cl\/index.php?rest_route=\/wp\/v2\/posts\/10971","targetHints":{"allow":["GET"]}}],"collection":[{"href":"https:\/\/tv.utalca.cl\/index.php?rest_route=\/wp\/v2\/posts"}],"about":[{"href":"https:\/\/tv.utalca.cl\/index.php?rest_route=\/wp\/v2\/types\/post"}],"author":[{"embeddable":true,"href":"https:\/\/tv.utalca.cl\/index.php?rest_route=\/wp\/v2\/users\/1"}],"replies":[{"embeddable":true,"href":"https:\/\/tv.utalca.cl\/index.php?rest_route=%2Fwp%2Fv2%2Fcomments&post=10971"}],"version-history":[{"count":1,"href":"https:\/\/tv.utalca.cl\/index.php?rest_route=\/wp\/v2\/posts\/10971\/revisions"}],"predecessor-version":[{"id":10973,"href":"https:\/\/tv.utalca.cl\/index.php?rest_route=\/wp\/v2\/posts\/10971\/revisions\/10973"}],"wp:featuredmedia":[{"embeddable":true,"href":"https:\/\/tv.utalca.cl\/index.php?rest_route=\/wp\/v2\/media\/10972"}],"wp:attachment":[{"href":"https:\/\/tv.utalca.cl\/index.php?rest_route=%2Fwp%2Fv2%2Fmedia&parent=10971"}],"wp:term":[{"taxonomy":"category","embeddable":true,"href":"https:\/\/tv.utalca.cl\/index.php?rest_route=%2Fwp%2Fv2%2Fcategories&post=10971"},{"taxonomy":"post_tag","embeddable":true,"href":"https:\/\/tv.utalca.cl\/index.php?rest_route=%2Fwp%2Fv2%2Ftags&post=10971"}],"curies":[{"name":"wp","href":"https:\/\/api.w.org\/{rel}","templated":true}]}}