{"id":11084,"date":"2023-04-13T14:46:31","date_gmt":"2023-04-13T18:46:31","guid":{"rendered":"https:\/\/tv.utalca.cl\/?p=11084"},"modified":"2023-04-13T14:46:31","modified_gmt":"2023-04-13T18:46:31","slug":"por-que-ha-disminuido-el-consumo-de-carnes-rojas","status":"publish","type":"post","link":"https:\/\/tv.utalca.cl\/?p=11084","title":{"rendered":"\u00bfPor qu\u00e9 ha disminuido el consumo de carnes rojas?"},"content":{"rendered":"<p>Mauricio Orellana Molina, acad\u00e9mico de la Escuela de Nutrici\u00f3n y Diet\u00e9tica de la UTalca, advierte que las personas han reducido la ingesta de esta fuente de prote\u00edna debido al alza de precios y tambi\u00e9n para evitar problemas de salud.<\/p>\n<p>&nbsp;<\/p>\n<p>&nbsp;<\/p>\n<p>&nbsp;<\/p>\n<p>&nbsp;<\/p>\n<p>&nbsp;<\/p>\n<p>&nbsp;<\/p>\n<p>&nbsp;<\/p>\n","protected":false},"excerpt":{"rendered":"<p>Mauricio Orellana Molina, acad\u00e9mico de la Escuela de Nutrici\u00f3n y Diet\u00e9tica de la UTalca, advierte que las personas han reducido la ingesta de esta fuente de prote\u00edna debido al alza de precios y tambi\u00e9n para evitar problemas de salud. &nbsp; &nbsp; &nbsp; &nbsp; &nbsp; &nbsp; &nbsp;<\/p>\n","protected":false},"author":1,"featured_media":11085,"comment_status":"open","ping_status":"open","sticky":false,"template":"","format":"standard","meta":{"om_disable_all_campaigns":false,"_monsterinsights_skip_tracking":false,"_monsterinsights_sitenote_active":false,"_monsterinsights_sitenote_note":"","_monsterinsights_sitenote_category":0,"footnotes":""},"categories":[93,92],"tags":[],"class_list":["post-11084","post","type-post","status-publish","format-standard","has-post-thumbnail","hentry","category-noticias","category-utalcatv-informa","slider-tags-campustv-informa","slider-tags-slider","slider-tags-titular"],"aioseo_notices":[],"_links":{"self":[{"href":"https:\/\/tv.utalca.cl\/index.php?rest_route=\/wp\/v2\/posts\/11084","targetHints":{"allow":["GET"]}}],"collection":[{"href":"https:\/\/tv.utalca.cl\/index.php?rest_route=\/wp\/v2\/posts"}],"about":[{"href":"https:\/\/tv.utalca.cl\/index.php?rest_route=\/wp\/v2\/types\/post"}],"author":[{"embeddable":true,"href":"https:\/\/tv.utalca.cl\/index.php?rest_route=\/wp\/v2\/users\/1"}],"replies":[{"embeddable":true,"href":"https:\/\/tv.utalca.cl\/index.php?rest_route=%2Fwp%2Fv2%2Fcomments&post=11084"}],"version-history":[{"count":1,"href":"https:\/\/tv.utalca.cl\/index.php?rest_route=\/wp\/v2\/posts\/11084\/revisions"}],"predecessor-version":[{"id":11086,"href":"https:\/\/tv.utalca.cl\/index.php?rest_route=\/wp\/v2\/posts\/11084\/revisions\/11086"}],"wp:featuredmedia":[{"embeddable":true,"href":"https:\/\/tv.utalca.cl\/index.php?rest_route=\/wp\/v2\/media\/11085"}],"wp:attachment":[{"href":"https:\/\/tv.utalca.cl\/index.php?rest_route=%2Fwp%2Fv2%2Fmedia&parent=11084"}],"wp:term":[{"taxonomy":"category","embeddable":true,"href":"https:\/\/tv.utalca.cl\/index.php?rest_route=%2Fwp%2Fv2%2Fcategories&post=11084"},{"taxonomy":"post_tag","embeddable":true,"href":"https:\/\/tv.utalca.cl\/index.php?rest_route=%2Fwp%2Fv2%2Ftags&post=11084"}],"curies":[{"name":"wp","href":"https:\/\/api.w.org\/{rel}","templated":true}]}}