{"id":11108,"date":"2023-04-19T16:07:40","date_gmt":"2023-04-19T20:07:40","guid":{"rendered":"https:\/\/tv.utalca.cl\/?p=11108"},"modified":"2023-04-19T16:07:40","modified_gmt":"2023-04-19T20:07:40","slug":"iniciativa-busca-acercar-las-artes-visuales-a-las-personas-mayores","status":"publish","type":"post","link":"https:\/\/tv.utalca.cl\/?p=11108","title":{"rendered":"Iniciativa busca acercar las artes visuales a las personas mayores"},"content":{"rendered":"<p>En la UTalca se est\u00e1 realizando un taller de plasticina que incluye la participaci\u00f3n de este grupo etario de la poblaci\u00f3n. El proyecto es financiado por el Ministerio de las Culturas, las Artes y el Patrimonio y cuenta con la colaboraci\u00f3n de la Casa de Estudios.<\/p>\n<p>&nbsp;<\/p>\n<p>&nbsp;<\/p>\n<p>&nbsp;<\/p>\n<p>&nbsp;<\/p>\n<p>&nbsp;<\/p>\n<p>&nbsp;<\/p>\n","protected":false},"excerpt":{"rendered":"<p>En la UTalca se est\u00e1 realizando un taller de plasticina que incluye la participaci\u00f3n de este grupo etario de la poblaci\u00f3n. El proyecto es financiado por el Ministerio de las Culturas, las Artes y el Patrimonio y cuenta con la colaboraci\u00f3n de la Casa de Estudios. &nbsp; &nbsp; &nbsp; &nbsp; &nbsp; &nbsp;<\/p>\n","protected":false},"author":1,"featured_media":11109,"comment_status":"open","ping_status":"open","sticky":false,"template":"","format":"standard","meta":{"om_disable_all_campaigns":false,"_monsterinsights_skip_tracking":false,"_monsterinsights_sitenote_active":false,"_monsterinsights_sitenote_note":"","_monsterinsights_sitenote_category":0,"footnotes":""},"categories":[93,92],"tags":[],"class_list":["post-11108","post","type-post","status-publish","format-standard","has-post-thumbnail","hentry","category-noticias","category-utalcatv-informa","slider-tags-campustv-informa","slider-tags-slider","slider-tags-titular"],"aioseo_notices":[],"_links":{"self":[{"href":"https:\/\/tv.utalca.cl\/index.php?rest_route=\/wp\/v2\/posts\/11108","targetHints":{"allow":["GET"]}}],"collection":[{"href":"https:\/\/tv.utalca.cl\/index.php?rest_route=\/wp\/v2\/posts"}],"about":[{"href":"https:\/\/tv.utalca.cl\/index.php?rest_route=\/wp\/v2\/types\/post"}],"author":[{"embeddable":true,"href":"https:\/\/tv.utalca.cl\/index.php?rest_route=\/wp\/v2\/users\/1"}],"replies":[{"embeddable":true,"href":"https:\/\/tv.utalca.cl\/index.php?rest_route=%2Fwp%2Fv2%2Fcomments&post=11108"}],"version-history":[{"count":1,"href":"https:\/\/tv.utalca.cl\/index.php?rest_route=\/wp\/v2\/posts\/11108\/revisions"}],"predecessor-version":[{"id":11110,"href":"https:\/\/tv.utalca.cl\/index.php?rest_route=\/wp\/v2\/posts\/11108\/revisions\/11110"}],"wp:featuredmedia":[{"embeddable":true,"href":"https:\/\/tv.utalca.cl\/index.php?rest_route=\/wp\/v2\/media\/11109"}],"wp:attachment":[{"href":"https:\/\/tv.utalca.cl\/index.php?rest_route=%2Fwp%2Fv2%2Fmedia&parent=11108"}],"wp:term":[{"taxonomy":"category","embeddable":true,"href":"https:\/\/tv.utalca.cl\/index.php?rest_route=%2Fwp%2Fv2%2Fcategories&post=11108"},{"taxonomy":"post_tag","embeddable":true,"href":"https:\/\/tv.utalca.cl\/index.php?rest_route=%2Fwp%2Fv2%2Ftags&post=11108"}],"curies":[{"name":"wp","href":"https:\/\/api.w.org\/{rel}","templated":true}]}}