{"id":11111,"date":"2023-04-20T16:17:00","date_gmt":"2023-04-20T20:17:00","guid":{"rendered":"https:\/\/tv.utalca.cl\/?p=11111"},"modified":"2023-04-20T16:17:00","modified_gmt":"2023-04-20T20:17:00","slug":"escritora-argentina-samanta-schweblin-recibio-premio-jose-donoso-en-la-utalca","status":"publish","type":"post","link":"https:\/\/tv.utalca.cl\/?p=11111","title":{"rendered":"Escritora argentina Samanta Schweblin recibi\u00f3 Premio Jos\u00e9 Donoso en la UTalca"},"content":{"rendered":"<p>Durante la ceremonia que se realiz\u00f3 en el Espacio Bicentenario de la Instituci\u00f3n, la galardonada que reside en Berl\u00edn, agradeci\u00f3 este importante reconocimiento que otorga la Casa de Estudios y destac\u00f3 la relevancia que ha alcanzado la literatura latinoamericana en el resto del mundo.<\/p>\n<p>&nbsp;<\/p>\n<p>&nbsp;<\/p>\n<p>&nbsp;<\/p>\n<p>&nbsp;<\/p>\n<p>&nbsp;<\/p>\n<p>&nbsp;<\/p>\n","protected":false},"excerpt":{"rendered":"<p>Durante la ceremonia que se realiz\u00f3 en el Espacio Bicentenario de la Instituci\u00f3n, la galardonada que reside en Berl\u00edn, agradeci\u00f3 este importante reconocimiento que otorga la Casa de Estudios y destac\u00f3 la relevancia que ha alcanzado la literatura latinoamericana en el resto del mundo. &nbsp; &nbsp; &nbsp; &nbsp; &nbsp; &nbsp;<\/p>\n","protected":false},"author":1,"featured_media":11112,"comment_status":"open","ping_status":"open","sticky":false,"template":"","format":"standard","meta":{"om_disable_all_campaigns":false,"_monsterinsights_skip_tracking":false,"_monsterinsights_sitenote_active":false,"_monsterinsights_sitenote_note":"","_monsterinsights_sitenote_category":0,"footnotes":""},"categories":[93,92],"tags":[],"class_list":["post-11111","post","type-post","status-publish","format-standard","has-post-thumbnail","hentry","category-noticias","category-utalcatv-informa","slider-tags-campustv-informa","slider-tags-slider","slider-tags-titular"],"aioseo_notices":[],"_links":{"self":[{"href":"https:\/\/tv.utalca.cl\/index.php?rest_route=\/wp\/v2\/posts\/11111","targetHints":{"allow":["GET"]}}],"collection":[{"href":"https:\/\/tv.utalca.cl\/index.php?rest_route=\/wp\/v2\/posts"}],"about":[{"href":"https:\/\/tv.utalca.cl\/index.php?rest_route=\/wp\/v2\/types\/post"}],"author":[{"embeddable":true,"href":"https:\/\/tv.utalca.cl\/index.php?rest_route=\/wp\/v2\/users\/1"}],"replies":[{"embeddable":true,"href":"https:\/\/tv.utalca.cl\/index.php?rest_route=%2Fwp%2Fv2%2Fcomments&post=11111"}],"version-history":[{"count":1,"href":"https:\/\/tv.utalca.cl\/index.php?rest_route=\/wp\/v2\/posts\/11111\/revisions"}],"predecessor-version":[{"id":11113,"href":"https:\/\/tv.utalca.cl\/index.php?rest_route=\/wp\/v2\/posts\/11111\/revisions\/11113"}],"wp:featuredmedia":[{"embeddable":true,"href":"https:\/\/tv.utalca.cl\/index.php?rest_route=\/wp\/v2\/media\/11112"}],"wp:attachment":[{"href":"https:\/\/tv.utalca.cl\/index.php?rest_route=%2Fwp%2Fv2%2Fmedia&parent=11111"}],"wp:term":[{"taxonomy":"category","embeddable":true,"href":"https:\/\/tv.utalca.cl\/index.php?rest_route=%2Fwp%2Fv2%2Fcategories&post=11111"},{"taxonomy":"post_tag","embeddable":true,"href":"https:\/\/tv.utalca.cl\/index.php?rest_route=%2Fwp%2Fv2%2Ftags&post=11111"}],"curies":[{"name":"wp","href":"https:\/\/api.w.org\/{rel}","templated":true}]}}