{"id":11521,"date":"2023-06-19T17:11:34","date_gmt":"2023-06-19T21:11:34","guid":{"rendered":"https:\/\/tv.utalca.cl\/?p=11521"},"modified":"2023-06-19T17:29:18","modified_gmt":"2023-06-19T21:29:18","slug":"rector-de-la-utalca-presento-balance-de-su-primer-ano-de-gestion","status":"publish","type":"post","link":"https:\/\/tv.utalca.cl\/?p=11521","title":{"rendered":"Rector de la UTalca present\u00f3 balance de su primer a\u00f1o de gesti\u00f3n"},"content":{"rendered":"<p>La actividad se realiz\u00f3 en el Espacio Bicentenario y cont\u00f3 con la participaci\u00f3n de la comunidad universitaria.<\/p>\n","protected":false},"excerpt":{"rendered":"<p>La actividad se realiz\u00f3 en el Espacio Bicentenario y cont\u00f3 con la participaci\u00f3n de la comunidad universitaria.<\/p>\n","protected":false},"author":1,"featured_media":11525,"comment_status":"closed","ping_status":"closed","sticky":false,"template":"","format":"standard","meta":{"om_disable_all_campaigns":false,"_monsterinsights_skip_tracking":false,"_monsterinsights_sitenote_active":false,"_monsterinsights_sitenote_note":"","_monsterinsights_sitenote_category":0,"footnotes":""},"categories":[93,92],"tags":[2148,898,2149],"class_list":["post-11521","post","type-post","status-publish","format-standard","has-post-thumbnail","hentry","category-noticias","category-utalcatv-informa","tag-carcel","tag-facultad-de-arquitecura-utalca","tag-libro","slider-tags-campustv-informa","slider-tags-slider","slider-tags-titular"],"aioseo_notices":[],"_links":{"self":[{"href":"https:\/\/tv.utalca.cl\/index.php?rest_route=\/wp\/v2\/posts\/11521","targetHints":{"allow":["GET"]}}],"collection":[{"href":"https:\/\/tv.utalca.cl\/index.php?rest_route=\/wp\/v2\/posts"}],"about":[{"href":"https:\/\/tv.utalca.cl\/index.php?rest_route=\/wp\/v2\/types\/post"}],"author":[{"embeddable":true,"href":"https:\/\/tv.utalca.cl\/index.php?rest_route=\/wp\/v2\/users\/1"}],"replies":[{"embeddable":true,"href":"https:\/\/tv.utalca.cl\/index.php?rest_route=%2Fwp%2Fv2%2Fcomments&post=11521"}],"version-history":[{"count":2,"href":"https:\/\/tv.utalca.cl\/index.php?rest_route=\/wp\/v2\/posts\/11521\/revisions"}],"predecessor-version":[{"id":11524,"href":"https:\/\/tv.utalca.cl\/index.php?rest_route=\/wp\/v2\/posts\/11521\/revisions\/11524"}],"wp:featuredmedia":[{"embeddable":true,"href":"https:\/\/tv.utalca.cl\/index.php?rest_route=\/wp\/v2\/media\/11525"}],"wp:attachment":[{"href":"https:\/\/tv.utalca.cl\/index.php?rest_route=%2Fwp%2Fv2%2Fmedia&parent=11521"}],"wp:term":[{"taxonomy":"category","embeddable":true,"href":"https:\/\/tv.utalca.cl\/index.php?rest_route=%2Fwp%2Fv2%2Fcategories&post=11521"},{"taxonomy":"post_tag","embeddable":true,"href":"https:\/\/tv.utalca.cl\/index.php?rest_route=%2Fwp%2Fv2%2Ftags&post=11521"}],"curies":[{"name":"wp","href":"https:\/\/api.w.org\/{rel}","templated":true}]}}