{"id":11544,"date":"2023-06-23T12:28:02","date_gmt":"2023-06-23T16:28:02","guid":{"rendered":"https:\/\/tv.utalca.cl\/?p=11544"},"modified":"2023-06-27T09:59:44","modified_gmt":"2023-06-27T13:59:44","slug":"comenzo-el-festival-de-cine-europeo-en-el-maule","status":"publish","type":"post","link":"https:\/\/tv.utalca.cl\/?p=11544","title":{"rendered":"Comenz\u00f3 el Festival de Cine Europeo en el Maule"},"content":{"rendered":"<p><span style=\"font-weight: 400;\">Las pel\u00edculas se exhibir\u00e1n todos los jueves durante junio a las 18:30 horas en Centro de Extensi\u00f3n de Talca y Curic\u00f3.\u00a0<\/span><\/p>\n<p>&nbsp;<\/p>\n","protected":false},"excerpt":{"rendered":"<p>Las pel\u00edculas se exhibir\u00e1n todos los jueves durante junio a las 18:30 horas en Centro de Extensi\u00f3n de Talca y Curic\u00f3.\u00a0 &nbsp;<\/p>\n","protected":false},"author":1,"featured_media":11545,"comment_status":"closed","ping_status":"closed","sticky":false,"template":"","format":"standard","meta":{"om_disable_all_campaigns":false,"_monsterinsights_skip_tracking":false,"_monsterinsights_sitenote_active":false,"_monsterinsights_sitenote_note":"","_monsterinsights_sitenote_category":0,"footnotes":""},"categories":[93,92],"tags":[2148,898,2149],"class_list":["post-11544","post","type-post","status-publish","format-standard","has-post-thumbnail","hentry","category-noticias","category-utalcatv-informa","tag-carcel","tag-facultad-de-arquitecura-utalca","tag-libro","slider-tags-campustv-informa","slider-tags-slider","slider-tags-titular"],"aioseo_notices":[],"_links":{"self":[{"href":"https:\/\/tv.utalca.cl\/index.php?rest_route=\/wp\/v2\/posts\/11544","targetHints":{"allow":["GET"]}}],"collection":[{"href":"https:\/\/tv.utalca.cl\/index.php?rest_route=\/wp\/v2\/posts"}],"about":[{"href":"https:\/\/tv.utalca.cl\/index.php?rest_route=\/wp\/v2\/types\/post"}],"author":[{"embeddable":true,"href":"https:\/\/tv.utalca.cl\/index.php?rest_route=\/wp\/v2\/users\/1"}],"replies":[{"embeddable":true,"href":"https:\/\/tv.utalca.cl\/index.php?rest_route=%2Fwp%2Fv2%2Fcomments&post=11544"}],"version-history":[{"count":3,"href":"https:\/\/tv.utalca.cl\/index.php?rest_route=\/wp\/v2\/posts\/11544\/revisions"}],"predecessor-version":[{"id":11548,"href":"https:\/\/tv.utalca.cl\/index.php?rest_route=\/wp\/v2\/posts\/11544\/revisions\/11548"}],"wp:featuredmedia":[{"embeddable":true,"href":"https:\/\/tv.utalca.cl\/index.php?rest_route=\/wp\/v2\/media\/11545"}],"wp:attachment":[{"href":"https:\/\/tv.utalca.cl\/index.php?rest_route=%2Fwp%2Fv2%2Fmedia&parent=11544"}],"wp:term":[{"taxonomy":"category","embeddable":true,"href":"https:\/\/tv.utalca.cl\/index.php?rest_route=%2Fwp%2Fv2%2Fcategories&post=11544"},{"taxonomy":"post_tag","embeddable":true,"href":"https:\/\/tv.utalca.cl\/index.php?rest_route=%2Fwp%2Fv2%2Ftags&post=11544"}],"curies":[{"name":"wp","href":"https:\/\/api.w.org\/{rel}","templated":true}]}}