{"id":11816,"date":"2023-08-07T15:32:21","date_gmt":"2023-08-07T19:32:21","guid":{"rendered":"https:\/\/tv.utalca.cl\/?p=11816"},"modified":"2025-06-02T09:09:07","modified_gmt":"2025-06-02T13:09:07","slug":"salvemos-vidas-reanimacion-cardiopulmonar","status":"publish","type":"post","link":"https:\/\/tv.utalca.cl\/?p=11816","title":{"rendered":"Salvemos Vidas: Reanimaci\u00f3n cardiopulmonar"},"content":{"rendered":"<p>La Reanimaci\u00f3n cardiopulmonar es un procedimiento que se efect\u00faa cuando la respiraci\u00f3n se detiene (paro respiratorio) y\/o cuando los latidos card\u00edacos se han detenido (paro card\u00edaco). La RCP b\u00e1sica es el conjunto de maniobras estandarizadas destinadas a asegurar la oxigenaci\u00f3n de \u00f3rganos nobles (coraz\u00f3n y cerebro) cuando la circulaci\u00f3n se detiene s\u00fabitamente, mejorando as\u00ed la supervivencia tras un paro cardiorrespiratorio (PCR).<\/p>\n","protected":false},"excerpt":{"rendered":"<p>La Reanimaci\u00f3n cardiopulmonar es un procedimiento que se efect\u00faa cuando la respiraci\u00f3n se detiene (paro respiratorio) y\/o cuando los latidos card\u00edacos se han detenido (paro card\u00edaco). La RCP b\u00e1sica es el conjunto de maniobras estandarizadas destinadas a asegurar la oxigenaci\u00f3n de \u00f3rganos nobles (coraz\u00f3n y cerebro) cuando la circulaci\u00f3n se detiene s\u00fabitamente, mejorando as\u00ed la [&hellip;]<\/p>\n","protected":false},"author":1,"featured_media":11817,"comment_status":"closed","ping_status":"open","sticky":false,"template":"","format":"video","meta":{"om_disable_all_campaigns":false,"_monsterinsights_skip_tracking":false,"_monsterinsights_sitenote_active":false,"_monsterinsights_sitenote_note":"","_monsterinsights_sitenote_category":0,"footnotes":""},"categories":[387,2158],"tags":[1764],"class_list":["post-11816","post","type-post","status-publish","format-video","has-post-thumbnail","hentry","category-capsulas","category-salvemos-vidas","tag-corazon","post_format-post-format-video","slider-tags-salvemos-vidas","slider-tags-temporada-2023"],"aioseo_notices":[],"_links":{"self":[{"href":"https:\/\/tv.utalca.cl\/index.php?rest_route=\/wp\/v2\/posts\/11816","targetHints":{"allow":["GET"]}}],"collection":[{"href":"https:\/\/tv.utalca.cl\/index.php?rest_route=\/wp\/v2\/posts"}],"about":[{"href":"https:\/\/tv.utalca.cl\/index.php?rest_route=\/wp\/v2\/types\/post"}],"author":[{"embeddable":true,"href":"https:\/\/tv.utalca.cl\/index.php?rest_route=\/wp\/v2\/users\/1"}],"replies":[{"embeddable":true,"href":"https:\/\/tv.utalca.cl\/index.php?rest_route=%2Fwp%2Fv2%2Fcomments&post=11816"}],"version-history":[{"count":1,"href":"https:\/\/tv.utalca.cl\/index.php?rest_route=\/wp\/v2\/posts\/11816\/revisions"}],"predecessor-version":[{"id":11818,"href":"https:\/\/tv.utalca.cl\/index.php?rest_route=\/wp\/v2\/posts\/11816\/revisions\/11818"}],"wp:featuredmedia":[{"embeddable":true,"href":"https:\/\/tv.utalca.cl\/index.php?rest_route=\/wp\/v2\/media\/11817"}],"wp:attachment":[{"href":"https:\/\/tv.utalca.cl\/index.php?rest_route=%2Fwp%2Fv2%2Fmedia&parent=11816"}],"wp:term":[{"taxonomy":"category","embeddable":true,"href":"https:\/\/tv.utalca.cl\/index.php?rest_route=%2Fwp%2Fv2%2Fcategories&post=11816"},{"taxonomy":"post_tag","embeddable":true,"href":"https:\/\/tv.utalca.cl\/index.php?rest_route=%2Fwp%2Fv2%2Ftags&post=11816"}],"curies":[{"name":"wp","href":"https:\/\/api.w.org\/{rel}","templated":true}]}}