{"id":11966,"date":"2023-09-15T08:23:34","date_gmt":"2023-09-15T11:23:34","guid":{"rendered":"https:\/\/tv.utalca.cl\/?p=11966"},"modified":"2023-09-15T08:23:34","modified_gmt":"2023-09-15T11:23:34","slug":"reconocido-escultor-vicente-gajardo-y-su-hija-petra-exponen-en-la-utalca","status":"publish","type":"post","link":"https:\/\/tv.utalca.cl\/?p=11966","title":{"rendered":"Reconocido escultor Vicente Gajardo y su hija Petra exponen en la UTalca"},"content":{"rendered":"<p><span style=\"font-weight: 400;\">\u201cImaginario\u201d, es el nombre de la muestra en homenaje al coleccionista y cr\u00edtico de arte Ed Shaw, fallecido en 2022 y vinculado a la Casa de Estudios gracias a su donaci\u00f3n de la Colecci\u00f3n Textiles del Mundo.\u00a0<\/span><\/p>\n<p>&nbsp;<\/p>\n<p>&nbsp;<\/p>\n<p>&nbsp;<\/p>\n<p>&nbsp;<\/p>\n<p>&nbsp;<\/p>\n<p>&nbsp;<\/p>\n","protected":false},"excerpt":{"rendered":"<p>\u201cImaginario\u201d, es el nombre de la muestra en homenaje al coleccionista y cr\u00edtico de arte Ed Shaw, fallecido en 2022 y vinculado a la Casa de Estudios gracias a su donaci\u00f3n de la Colecci\u00f3n Textiles del Mundo.\u00a0 &nbsp; &nbsp; &nbsp; &nbsp; &nbsp; &nbsp;<\/p>\n","protected":false},"author":1,"featured_media":11967,"comment_status":"closed","ping_status":"closed","sticky":false,"template":"","format":"standard","meta":{"om_disable_all_campaigns":false,"_monsterinsights_skip_tracking":false,"_monsterinsights_sitenote_active":false,"_monsterinsights_sitenote_note":"","_monsterinsights_sitenote_category":0,"footnotes":""},"categories":[93,92],"tags":[2148,898,2149],"class_list":["post-11966","post","type-post","status-publish","format-standard","has-post-thumbnail","hentry","category-noticias","category-utalcatv-informa","tag-carcel","tag-facultad-de-arquitecura-utalca","tag-libro","slider-tags-campustv-informa","slider-tags-slider","slider-tags-titular"],"aioseo_notices":[],"_links":{"self":[{"href":"https:\/\/tv.utalca.cl\/index.php?rest_route=\/wp\/v2\/posts\/11966","targetHints":{"allow":["GET"]}}],"collection":[{"href":"https:\/\/tv.utalca.cl\/index.php?rest_route=\/wp\/v2\/posts"}],"about":[{"href":"https:\/\/tv.utalca.cl\/index.php?rest_route=\/wp\/v2\/types\/post"}],"author":[{"embeddable":true,"href":"https:\/\/tv.utalca.cl\/index.php?rest_route=\/wp\/v2\/users\/1"}],"replies":[{"embeddable":true,"href":"https:\/\/tv.utalca.cl\/index.php?rest_route=%2Fwp%2Fv2%2Fcomments&post=11966"}],"version-history":[{"count":1,"href":"https:\/\/tv.utalca.cl\/index.php?rest_route=\/wp\/v2\/posts\/11966\/revisions"}],"predecessor-version":[{"id":11968,"href":"https:\/\/tv.utalca.cl\/index.php?rest_route=\/wp\/v2\/posts\/11966\/revisions\/11968"}],"wp:featuredmedia":[{"embeddable":true,"href":"https:\/\/tv.utalca.cl\/index.php?rest_route=\/wp\/v2\/media\/11967"}],"wp:attachment":[{"href":"https:\/\/tv.utalca.cl\/index.php?rest_route=%2Fwp%2Fv2%2Fmedia&parent=11966"}],"wp:term":[{"taxonomy":"category","embeddable":true,"href":"https:\/\/tv.utalca.cl\/index.php?rest_route=%2Fwp%2Fv2%2Fcategories&post=11966"},{"taxonomy":"post_tag","embeddable":true,"href":"https:\/\/tv.utalca.cl\/index.php?rest_route=%2Fwp%2Fv2%2Ftags&post=11966"}],"curies":[{"name":"wp","href":"https:\/\/api.w.org\/{rel}","templated":true}]}}