{"id":11984,"date":"2023-09-28T10:42:55","date_gmt":"2023-09-28T13:42:55","guid":{"rendered":"https:\/\/tv.utalca.cl\/?p=11984"},"modified":"2025-06-02T08:35:46","modified_gmt":"2025-06-02T12:35:46","slug":"mas-conocimiento-centro-tec-de-telerehabilitacion-y-neurociencias-en-el-movimiento-utalca","status":"publish","type":"post","link":"https:\/\/tv.utalca.cl\/?p=11984","title":{"rendered":"M\u00e1s Conocimiento:  Centro Tec. de Telerehabilitaci\u00f3n y Neurociencias en el Movimiento UTalca"},"content":{"rendered":"<p><span style=\"font-weight: 400;\">El Centro Tecnol\u00f3gico de Telerrehabilitaci\u00f3n y Neurociencias en el Movimiento Humano de la UTalca, tiene como prop\u00f3sito ser referente en medicina y rehabilitaci\u00f3n f\u00edsica en las \u00e1reas de neurolog\u00eda cl\u00ednica y adulto mayor, desarrollando e instalando capacidades cient\u00edfico-tecnol\u00f3gicas, y servicios de evaluaci\u00f3n y tratamiento especializados, para contribuir al bienestar y calidad de vida de los habitantes de la regi\u00f3n del Maule y del pa\u00eds. se trata de la primera herramienta del \u00e1rea de la kinesiolog\u00eda en Chile con estas caracter\u00edsticas.<\/span><\/p>\n","protected":false},"excerpt":{"rendered":"<p>El Centro Tecnol\u00f3gico de Telerrehabilitaci\u00f3n y Neurociencias en el Movimiento Humano de la UTalca, tiene como prop\u00f3sito ser referente en medicina y rehabilitaci\u00f3n f\u00edsica en las \u00e1reas de neurolog\u00eda cl\u00ednica y adulto mayor, desarrollando e instalando capacidades cient\u00edfico-tecnol\u00f3gicas, y servicios de evaluaci\u00f3n y tratamiento especializados, para contribuir al bienestar y calidad de vida de los [&hellip;]<\/p>\n","protected":false},"author":1,"featured_media":11601,"comment_status":"closed","ping_status":"open","sticky":false,"template":"","format":"video","meta":{"om_disable_all_campaigns":false,"_monsterinsights_skip_tracking":false,"_monsterinsights_sitenote_active":false,"_monsterinsights_sitenote_note":"","_monsterinsights_sitenote_category":0,"footnotes":""},"categories":[297,112],"tags":[2165,2153],"class_list":["post-11984","post","type-post","status-publish","format-video","has-post-thumbnail","hentry","category-mas-conocimiento","category-programa","tag-telerehabilitacion","tag-temporada-2023","post_format-post-format-video","slider-tags-mas-conocimiento","slider-tags-temporada-2023"],"aioseo_notices":[],"_links":{"self":[{"href":"https:\/\/tv.utalca.cl\/index.php?rest_route=\/wp\/v2\/posts\/11984","targetHints":{"allow":["GET"]}}],"collection":[{"href":"https:\/\/tv.utalca.cl\/index.php?rest_route=\/wp\/v2\/posts"}],"about":[{"href":"https:\/\/tv.utalca.cl\/index.php?rest_route=\/wp\/v2\/types\/post"}],"author":[{"embeddable":true,"href":"https:\/\/tv.utalca.cl\/index.php?rest_route=\/wp\/v2\/users\/1"}],"replies":[{"embeddable":true,"href":"https:\/\/tv.utalca.cl\/index.php?rest_route=%2Fwp%2Fv2%2Fcomments&post=11984"}],"version-history":[{"count":2,"href":"https:\/\/tv.utalca.cl\/index.php?rest_route=\/wp\/v2\/posts\/11984\/revisions"}],"predecessor-version":[{"id":11989,"href":"https:\/\/tv.utalca.cl\/index.php?rest_route=\/wp\/v2\/posts\/11984\/revisions\/11989"}],"wp:featuredmedia":[{"embeddable":true,"href":"https:\/\/tv.utalca.cl\/index.php?rest_route=\/wp\/v2\/media\/11601"}],"wp:attachment":[{"href":"https:\/\/tv.utalca.cl\/index.php?rest_route=%2Fwp%2Fv2%2Fmedia&parent=11984"}],"wp:term":[{"taxonomy":"category","embeddable":true,"href":"https:\/\/tv.utalca.cl\/index.php?rest_route=%2Fwp%2Fv2%2Fcategories&post=11984"},{"taxonomy":"post_tag","embeddable":true,"href":"https:\/\/tv.utalca.cl\/index.php?rest_route=%2Fwp%2Fv2%2Ftags&post=11984"}],"curies":[{"name":"wp","href":"https:\/\/api.w.org\/{rel}","templated":true}]}}