{"id":12021,"date":"2023-10-04T17:03:24","date_gmt":"2023-10-04T20:03:24","guid":{"rendered":"https:\/\/tv.utalca.cl\/?p=12021"},"modified":"2023-10-04T18:16:14","modified_gmt":"2023-10-04T21:16:14","slug":"presentan-libro-postumo-del-ex-presidente-patricio-aylwin-sobre-la-unidad-popular","status":"publish","type":"post","link":"https:\/\/tv.utalca.cl\/?p=12021","title":{"rendered":"Presentan libro p\u00f3stumo del expresidente Patricio Aylwin sobre la Unidad Popular"},"content":{"rendered":"<p><span style=\"font-weight: 400;\">El texto aborda un conjunto de acontecimientos pol\u00edticos, econ\u00f3micos y sociales que culminaron con el Golpe de Estado. La publicaci\u00f3n se di\u00f3 a conocer en el Centro de Extensi\u00f3n de la UTalca. <\/span><\/p>\n<p>&nbsp;<\/p>\n<p>&nbsp;<\/p>\n<p>&nbsp;<\/p>\n<p>&nbsp;<\/p>\n<p>&nbsp;<\/p>\n","protected":false},"excerpt":{"rendered":"<p>El texto aborda un conjunto de acontecimientos pol\u00edticos, econ\u00f3micos y sociales que culminaron con el Golpe de Estado. La publicaci\u00f3n se di\u00f3 a conocer en el Centro de Extensi\u00f3n de la UTalca. &nbsp; &nbsp; &nbsp; &nbsp; &nbsp;<\/p>\n","protected":false},"author":1,"featured_media":12022,"comment_status":"closed","ping_status":"closed","sticky":false,"template":"","format":"standard","meta":{"om_disable_all_campaigns":false,"_monsterinsights_skip_tracking":false,"_monsterinsights_sitenote_active":false,"_monsterinsights_sitenote_note":"","_monsterinsights_sitenote_category":0,"footnotes":""},"categories":[93,92],"tags":[2148,898,2149],"class_list":["post-12021","post","type-post","status-publish","format-standard","has-post-thumbnail","hentry","category-noticias","category-utalcatv-informa","tag-carcel","tag-facultad-de-arquitecura-utalca","tag-libro","slider-tags-campustv-informa","slider-tags-slider","slider-tags-titular"],"aioseo_notices":[],"_links":{"self":[{"href":"https:\/\/tv.utalca.cl\/index.php?rest_route=\/wp\/v2\/posts\/12021","targetHints":{"allow":["GET"]}}],"collection":[{"href":"https:\/\/tv.utalca.cl\/index.php?rest_route=\/wp\/v2\/posts"}],"about":[{"href":"https:\/\/tv.utalca.cl\/index.php?rest_route=\/wp\/v2\/types\/post"}],"author":[{"embeddable":true,"href":"https:\/\/tv.utalca.cl\/index.php?rest_route=\/wp\/v2\/users\/1"}],"replies":[{"embeddable":true,"href":"https:\/\/tv.utalca.cl\/index.php?rest_route=%2Fwp%2Fv2%2Fcomments&post=12021"}],"version-history":[{"count":2,"href":"https:\/\/tv.utalca.cl\/index.php?rest_route=\/wp\/v2\/posts\/12021\/revisions"}],"predecessor-version":[{"id":12024,"href":"https:\/\/tv.utalca.cl\/index.php?rest_route=\/wp\/v2\/posts\/12021\/revisions\/12024"}],"wp:featuredmedia":[{"embeddable":true,"href":"https:\/\/tv.utalca.cl\/index.php?rest_route=\/wp\/v2\/media\/12022"}],"wp:attachment":[{"href":"https:\/\/tv.utalca.cl\/index.php?rest_route=%2Fwp%2Fv2%2Fmedia&parent=12021"}],"wp:term":[{"taxonomy":"category","embeddable":true,"href":"https:\/\/tv.utalca.cl\/index.php?rest_route=%2Fwp%2Fv2%2Fcategories&post=12021"},{"taxonomy":"post_tag","embeddable":true,"href":"https:\/\/tv.utalca.cl\/index.php?rest_route=%2Fwp%2Fv2%2Ftags&post=12021"}],"curies":[{"name":"wp","href":"https:\/\/api.w.org\/{rel}","templated":true}]}}