{"id":12025,"date":"2023-10-05T09:55:12","date_gmt":"2023-10-05T12:55:12","guid":{"rendered":"https:\/\/tv.utalca.cl\/?p=12025"},"modified":"2023-10-05T09:55:12","modified_gmt":"2023-10-05T12:55:12","slug":"festival-de-las-ciencias-inicio-con-una-alta-convocatoria-de-publico-en-curico","status":"publish","type":"post","link":"https:\/\/tv.utalca.cl\/?p=12025","title":{"rendered":"Festival de las Ciencias inici\u00f3 con una alta convocatoria de p\u00fablico en Curic\u00f3"},"content":{"rendered":"<p><span style=\"font-weight: 400;\">El evento continuar\u00e1 su recorrido durante toda la semana por diferentes comunas del Maule y finalizar\u00e1 el s\u00e1bado 7 y domingo 8 de octubre en la alameda de Talc<\/span><\/p>\n<p>&nbsp;<\/p>\n<p>&nbsp;<\/p>\n<p>&nbsp;<\/p>\n<p>&nbsp;<\/p>\n<p>&nbsp;<\/p>\n","protected":false},"excerpt":{"rendered":"<p>El evento continuar\u00e1 su recorrido durante toda la semana por diferentes comunas del Maule y finalizar\u00e1 el s\u00e1bado 7 y domingo 8 de octubre en la alameda de Talc &nbsp; &nbsp; &nbsp; &nbsp; &nbsp;<\/p>\n","protected":false},"author":1,"featured_media":12026,"comment_status":"closed","ping_status":"closed","sticky":false,"template":"","format":"standard","meta":{"om_disable_all_campaigns":false,"_monsterinsights_skip_tracking":false,"_monsterinsights_sitenote_active":false,"_monsterinsights_sitenote_note":"","_monsterinsights_sitenote_category":0,"footnotes":""},"categories":[93,92],"tags":[2148,898,2149],"class_list":["post-12025","post","type-post","status-publish","format-standard","has-post-thumbnail","hentry","category-noticias","category-utalcatv-informa","tag-carcel","tag-facultad-de-arquitecura-utalca","tag-libro","slider-tags-campustv-informa","slider-tags-slider","slider-tags-titular"],"aioseo_notices":[],"_links":{"self":[{"href":"https:\/\/tv.utalca.cl\/index.php?rest_route=\/wp\/v2\/posts\/12025","targetHints":{"allow":["GET"]}}],"collection":[{"href":"https:\/\/tv.utalca.cl\/index.php?rest_route=\/wp\/v2\/posts"}],"about":[{"href":"https:\/\/tv.utalca.cl\/index.php?rest_route=\/wp\/v2\/types\/post"}],"author":[{"embeddable":true,"href":"https:\/\/tv.utalca.cl\/index.php?rest_route=\/wp\/v2\/users\/1"}],"replies":[{"embeddable":true,"href":"https:\/\/tv.utalca.cl\/index.php?rest_route=%2Fwp%2Fv2%2Fcomments&post=12025"}],"version-history":[{"count":1,"href":"https:\/\/tv.utalca.cl\/index.php?rest_route=\/wp\/v2\/posts\/12025\/revisions"}],"predecessor-version":[{"id":12027,"href":"https:\/\/tv.utalca.cl\/index.php?rest_route=\/wp\/v2\/posts\/12025\/revisions\/12027"}],"wp:featuredmedia":[{"embeddable":true,"href":"https:\/\/tv.utalca.cl\/index.php?rest_route=\/wp\/v2\/media\/12026"}],"wp:attachment":[{"href":"https:\/\/tv.utalca.cl\/index.php?rest_route=%2Fwp%2Fv2%2Fmedia&parent=12025"}],"wp:term":[{"taxonomy":"category","embeddable":true,"href":"https:\/\/tv.utalca.cl\/index.php?rest_route=%2Fwp%2Fv2%2Fcategories&post=12025"},{"taxonomy":"post_tag","embeddable":true,"href":"https:\/\/tv.utalca.cl\/index.php?rest_route=%2Fwp%2Fv2%2Ftags&post=12025"}],"curies":[{"name":"wp","href":"https:\/\/api.w.org\/{rel}","templated":true}]}}