{"id":12055,"date":"2023-10-06T14:42:18","date_gmt":"2023-10-06T17:42:18","guid":{"rendered":"https:\/\/tv.utalca.cl\/?p=12055"},"modified":"2023-10-06T15:23:15","modified_gmt":"2023-10-06T18:23:15","slug":"hablemos-de-salud-signos-de-alerta-del-cancer-de-mama","status":"publish","type":"post","link":"https:\/\/tv.utalca.cl\/?p=12055","title":{"rendered":"Hablemos de Salud: Signos de alerta del c\u00e1ncer de mama"},"content":{"rendered":"<p>Esta enfermedad se ha convertido en la primera causa de muerte en las mujeres chilenas y la detecci\u00f3n precoz resulta fundamental para reducir la mortalidad. En este cap\u00edtulo, Mar\u00eda del Pilar Garc\u00eda Moya, acad\u00e9mica de la Escuela de Obstetricia y Puericultura de la UTalca, nos ense\u00f1a adem\u00e1s a realizar el autoexamen de mamas.<\/p>\n","protected":false},"excerpt":{"rendered":"<p>Esta enfermedad se ha convertido en la primera causa de muerte en las mujeres chilenas y la detecci\u00f3n precoz resulta fundamental para reducir la mortalidad. En este cap\u00edtulo, Mar\u00eda del Pilar Garc\u00eda Moya, acad\u00e9mica de la Escuela de Obstetricia y Puericultura de la UTalca, nos ense\u00f1a adem\u00e1s a realizar el autoexamen de mamas.<\/p>\n","protected":false},"author":1,"featured_media":12056,"comment_status":"open","ping_status":"open","sticky":false,"template":"","format":"video","meta":{"om_disable_all_campaigns":false,"_monsterinsights_skip_tracking":false,"_monsterinsights_sitenote_active":false,"_monsterinsights_sitenote_note":"","_monsterinsights_sitenote_category":0,"footnotes":""},"categories":[1527,112],"tags":[1687],"class_list":["post-12055","post","type-post","status-publish","format-video","has-post-thumbnail","hentry","category-hablemos-de-salud","category-programa","tag-cancer-de-mama","post_format-post-format-video","slider-tags-hablemos-de-salud","slider-tags-temporada-2023"],"aioseo_notices":[],"_links":{"self":[{"href":"https:\/\/tv.utalca.cl\/index.php?rest_route=\/wp\/v2\/posts\/12055","targetHints":{"allow":["GET"]}}],"collection":[{"href":"https:\/\/tv.utalca.cl\/index.php?rest_route=\/wp\/v2\/posts"}],"about":[{"href":"https:\/\/tv.utalca.cl\/index.php?rest_route=\/wp\/v2\/types\/post"}],"author":[{"embeddable":true,"href":"https:\/\/tv.utalca.cl\/index.php?rest_route=\/wp\/v2\/users\/1"}],"replies":[{"embeddable":true,"href":"https:\/\/tv.utalca.cl\/index.php?rest_route=%2Fwp%2Fv2%2Fcomments&post=12055"}],"version-history":[{"count":1,"href":"https:\/\/tv.utalca.cl\/index.php?rest_route=\/wp\/v2\/posts\/12055\/revisions"}],"predecessor-version":[{"id":12057,"href":"https:\/\/tv.utalca.cl\/index.php?rest_route=\/wp\/v2\/posts\/12055\/revisions\/12057"}],"wp:featuredmedia":[{"embeddable":true,"href":"https:\/\/tv.utalca.cl\/index.php?rest_route=\/wp\/v2\/media\/12056"}],"wp:attachment":[{"href":"https:\/\/tv.utalca.cl\/index.php?rest_route=%2Fwp%2Fv2%2Fmedia&parent=12055"}],"wp:term":[{"taxonomy":"category","embeddable":true,"href":"https:\/\/tv.utalca.cl\/index.php?rest_route=%2Fwp%2Fv2%2Fcategories&post=12055"},{"taxonomy":"post_tag","embeddable":true,"href":"https:\/\/tv.utalca.cl\/index.php?rest_route=%2Fwp%2Fv2%2Ftags&post=12055"}],"curies":[{"name":"wp","href":"https:\/\/api.w.org\/{rel}","templated":true}]}}