{"id":12371,"date":"2023-11-29T19:24:26","date_gmt":"2023-11-29T22:24:26","guid":{"rendered":"https:\/\/tv.utalca.cl\/?p=12371"},"modified":"2023-11-29T19:26:37","modified_gmt":"2023-11-29T22:26:37","slug":"cuech-firma-en-la-utalca-convenio-para-respetar-y-promover-los-derechos-humanos-2","status":"publish","type":"post","link":"https:\/\/tv.utalca.cl\/?p=12371","title":{"rendered":"Cuech firma en la UTalca convenio para respetar y promover los derechos humanos"},"content":{"rendered":"<p>Acuerdo se concret\u00f3 con la Subsecretar\u00eda de Derechos Humanos y Subsecretar\u00eda de Educaci\u00f3n Superior.<\/p>\n","protected":false},"excerpt":{"rendered":"<p>Acuerdo se concret\u00f3 con la Subsecretar\u00eda de Derechos Humanos y Subsecretar\u00eda de Educaci\u00f3n Superior.<\/p>\n","protected":false},"author":1,"featured_media":12377,"comment_status":"closed","ping_status":"closed","sticky":false,"template":"","format":"standard","meta":{"om_disable_all_campaigns":false,"_monsterinsights_skip_tracking":false,"_monsterinsights_sitenote_active":false,"_monsterinsights_sitenote_note":"","_monsterinsights_sitenote_category":0,"footnotes":""},"categories":[93,92],"tags":[665,865],"class_list":["post-12371","post","type-post","status-publish","format-standard","has-post-thumbnail","hentry","category-noticias","category-utalcatv-informa","tag-cuech","tag-derechos-humanos","slider-tags-slider"],"aioseo_notices":[],"_links":{"self":[{"href":"https:\/\/tv.utalca.cl\/index.php?rest_route=\/wp\/v2\/posts\/12371","targetHints":{"allow":["GET"]}}],"collection":[{"href":"https:\/\/tv.utalca.cl\/index.php?rest_route=\/wp\/v2\/posts"}],"about":[{"href":"https:\/\/tv.utalca.cl\/index.php?rest_route=\/wp\/v2\/types\/post"}],"author":[{"embeddable":true,"href":"https:\/\/tv.utalca.cl\/index.php?rest_route=\/wp\/v2\/users\/1"}],"replies":[{"embeddable":true,"href":"https:\/\/tv.utalca.cl\/index.php?rest_route=%2Fwp%2Fv2%2Fcomments&post=12371"}],"version-history":[{"count":1,"href":"https:\/\/tv.utalca.cl\/index.php?rest_route=\/wp\/v2\/posts\/12371\/revisions"}],"predecessor-version":[{"id":12378,"href":"https:\/\/tv.utalca.cl\/index.php?rest_route=\/wp\/v2\/posts\/12371\/revisions\/12378"}],"wp:featuredmedia":[{"embeddable":true,"href":"https:\/\/tv.utalca.cl\/index.php?rest_route=\/wp\/v2\/media\/12377"}],"wp:attachment":[{"href":"https:\/\/tv.utalca.cl\/index.php?rest_route=%2Fwp%2Fv2%2Fmedia&parent=12371"}],"wp:term":[{"taxonomy":"category","embeddable":true,"href":"https:\/\/tv.utalca.cl\/index.php?rest_route=%2Fwp%2Fv2%2Fcategories&post=12371"},{"taxonomy":"post_tag","embeddable":true,"href":"https:\/\/tv.utalca.cl\/index.php?rest_route=%2Fwp%2Fv2%2Ftags&post=12371"}],"curies":[{"name":"wp","href":"https:\/\/api.w.org\/{rel}","templated":true}]}}