{"id":13584,"date":"2024-03-01T13:15:10","date_gmt":"2024-03-01T16:15:10","guid":{"rendered":"https:\/\/tv.utalca.cl\/?p=13584"},"modified":"2024-03-22T14:47:02","modified_gmt":"2024-03-22T17:47:02","slug":"como-se-proyecta-el-panorama-economico-durante-marzo-2","status":"publish","type":"post","link":"https:\/\/tv.utalca.cl\/?p=13584","title":{"rendered":"\u00bfC\u00f3mo se proyecta el panorama econ\u00f3mico durante marzo?"},"content":{"rendered":"<p>Acad\u00e9mico de la UTalca asegura que el contexto inflacionario es m\u00e1s favorable que el del a\u00f1o pasado, pero existe un estancado crecimiento econ\u00f3mico.<\/p>\n","protected":false},"excerpt":{"rendered":"<p>Acad\u00e9mico de la UTalca asegura que el contexto inflacionario es m\u00e1s favorable que el del a\u00f1o pasado, pero existe un estancado crecimiento econ\u00f3mico.<\/p>\n","protected":false},"author":1,"featured_media":13585,"comment_status":"closed","ping_status":"closed","sticky":false,"template":"","format":"standard","meta":{"om_disable_all_campaigns":false,"_monsterinsights_skip_tracking":false,"_monsterinsights_sitenote_active":false,"_monsterinsights_sitenote_note":"","_monsterinsights_sitenote_category":0,"footnotes":""},"categories":[93,92],"tags":[695,529,2199],"class_list":["post-13584","post","type-post","status-publish","format-standard","has-post-thumbnail","hentry","category-noticias","category-utalcatv-informa","tag-economia","tag-marzo","tag-slider","slider-tags-slider"],"aioseo_notices":[],"_links":{"self":[{"href":"https:\/\/tv.utalca.cl\/index.php?rest_route=\/wp\/v2\/posts\/13584","targetHints":{"allow":["GET"]}}],"collection":[{"href":"https:\/\/tv.utalca.cl\/index.php?rest_route=\/wp\/v2\/posts"}],"about":[{"href":"https:\/\/tv.utalca.cl\/index.php?rest_route=\/wp\/v2\/types\/post"}],"author":[{"embeddable":true,"href":"https:\/\/tv.utalca.cl\/index.php?rest_route=\/wp\/v2\/users\/1"}],"replies":[{"embeddable":true,"href":"https:\/\/tv.utalca.cl\/index.php?rest_route=%2Fwp%2Fv2%2Fcomments&post=13584"}],"version-history":[{"count":1,"href":"https:\/\/tv.utalca.cl\/index.php?rest_route=\/wp\/v2\/posts\/13584\/revisions"}],"predecessor-version":[{"id":13586,"href":"https:\/\/tv.utalca.cl\/index.php?rest_route=\/wp\/v2\/posts\/13584\/revisions\/13586"}],"wp:featuredmedia":[{"embeddable":true,"href":"https:\/\/tv.utalca.cl\/index.php?rest_route=\/wp\/v2\/media\/13585"}],"wp:attachment":[{"href":"https:\/\/tv.utalca.cl\/index.php?rest_route=%2Fwp%2Fv2%2Fmedia&parent=13584"}],"wp:term":[{"taxonomy":"category","embeddable":true,"href":"https:\/\/tv.utalca.cl\/index.php?rest_route=%2Fwp%2Fv2%2Fcategories&post=13584"},{"taxonomy":"post_tag","embeddable":true,"href":"https:\/\/tv.utalca.cl\/index.php?rest_route=%2Fwp%2Fv2%2Ftags&post=13584"}],"curies":[{"name":"wp","href":"https:\/\/api.w.org\/{rel}","templated":true}]}}