{"id":13668,"date":"2024-03-19T15:24:16","date_gmt":"2024-03-19T18:24:16","guid":{"rendered":"https:\/\/tv.utalca.cl\/?p=13668"},"modified":"2024-03-22T14:38:10","modified_gmt":"2024-03-22T17:38:10","slug":"destacan-a-maulinas-que-aportaron-al-desarrollo-cultural-de-la-region","status":"publish","type":"post","link":"https:\/\/tv.utalca.cl\/?p=13668","title":{"rendered":"Destacan a maulinas que aportaron al desarrollo cultural de la Regi\u00f3n"},"content":{"rendered":"<p>Documentos in\u00e9ditos de Stella Corval\u00e1n, Emma Jauch, Amparo Pozo, Elcira Bravo y Susana Wald, resguarda actualmente el Centro de Documentaci\u00f3n Patrimonial de la UTalca.<\/p>\n","protected":false},"excerpt":{"rendered":"<p>Documentos in\u00e9ditos de Stella Corval\u00e1n, Emma Jauch, Amparo Pozo, Elcira Bravo y Susana Wald, resguarda actualmente el Centro de Documentaci\u00f3n Patrimonial de la UTalca.<\/p>\n","protected":false},"author":1,"featured_media":13669,"comment_status":"closed","ping_status":"closed","sticky":false,"template":"","format":"standard","meta":{"om_disable_all_campaigns":false,"_monsterinsights_skip_tracking":false,"_monsterinsights_sitenote_active":false,"_monsterinsights_sitenote_note":"","_monsterinsights_sitenote_category":0,"footnotes":""},"categories":[93,92],"tags":[2225,2199],"class_list":["post-13668","post","type-post","status-publish","format-standard","has-post-thumbnail","hentry","category-noticias","category-utalcatv-informa","tag-desarrollo-cultural","tag-slider","slider-tags-slider"],"aioseo_notices":[],"_links":{"self":[{"href":"https:\/\/tv.utalca.cl\/index.php?rest_route=\/wp\/v2\/posts\/13668","targetHints":{"allow":["GET"]}}],"collection":[{"href":"https:\/\/tv.utalca.cl\/index.php?rest_route=\/wp\/v2\/posts"}],"about":[{"href":"https:\/\/tv.utalca.cl\/index.php?rest_route=\/wp\/v2\/types\/post"}],"author":[{"embeddable":true,"href":"https:\/\/tv.utalca.cl\/index.php?rest_route=\/wp\/v2\/users\/1"}],"replies":[{"embeddable":true,"href":"https:\/\/tv.utalca.cl\/index.php?rest_route=%2Fwp%2Fv2%2Fcomments&post=13668"}],"version-history":[{"count":1,"href":"https:\/\/tv.utalca.cl\/index.php?rest_route=\/wp\/v2\/posts\/13668\/revisions"}],"predecessor-version":[{"id":13670,"href":"https:\/\/tv.utalca.cl\/index.php?rest_route=\/wp\/v2\/posts\/13668\/revisions\/13670"}],"wp:featuredmedia":[{"embeddable":true,"href":"https:\/\/tv.utalca.cl\/index.php?rest_route=\/wp\/v2\/media\/13669"}],"wp:attachment":[{"href":"https:\/\/tv.utalca.cl\/index.php?rest_route=%2Fwp%2Fv2%2Fmedia&parent=13668"}],"wp:term":[{"taxonomy":"category","embeddable":true,"href":"https:\/\/tv.utalca.cl\/index.php?rest_route=%2Fwp%2Fv2%2Fcategories&post=13668"},{"taxonomy":"post_tag","embeddable":true,"href":"https:\/\/tv.utalca.cl\/index.php?rest_route=%2Fwp%2Fv2%2Ftags&post=13668"}],"curies":[{"name":"wp","href":"https:\/\/api.w.org\/{rel}","templated":true}]}}