{"id":13729,"date":"2024-03-25T15:21:01","date_gmt":"2024-03-25T18:21:01","guid":{"rendered":"https:\/\/tv.utalca.cl\/?p=13729"},"modified":"2025-06-02T09:08:23","modified_gmt":"2025-06-02T13:08:23","slug":"dejando-huellas-1","status":"publish","type":"post","link":"https:\/\/tv.utalca.cl\/?p=13729","title":{"rendered":"Dejando Huellas"},"content":{"rendered":"<p>Plan de marketing para vi\u00f1as de San Javier<\/p>\n<div class=\"content\" tabindex=\"0\" aria-description=\"\" aria-label=\"Enviado por Copilot: \u00a1Por supuesto! Aqu\u00ed tienes un texto invitando a los espectadores a ver el cap\u00edtulo del programa &quot;Dejando Huellas&quot;:\n\n---\n\n**Descubre el Coraz\u00f3n del Vino en San Javier**\n\n\u00a1Acomp\u00e1\u00f1anos en un viaje fascinante a trav\u00e9s de los vi\u00f1edos de San Javier en el pr\u00f3ximo cap\u00edtulo de **&quot;Dejando Huellas&quot;**! Explora junto a Ana\u00eds Aliaga, estudiante de Ingenier\u00eda Comercial de la UTalca, las historias \u00fanicas y la dedicaci\u00f3n detr\u00e1s de ocho vi\u00f1edos excepcionales. \n\n**Historias de Tradici\u00f3n y Pasi\u00f3n**\nSum\u00e9rgete en las caracter\u00edsticas distintivas de estas vi\u00f1as, ubicadas en Melozal y Caliboro, y descubre c\u00f3mo sus necesidades individuales dieron forma a un plan de marketing personalizado.\n\n**Resiliencia Frente a la Adversidad**\nConoce de cerca c\u00f3mo las recientes inundaciones han impactado a los viticultores y c\u00f3mo la comunidad se ha unido para superar los desaf\u00edos.\n\n**Impacto Local, Reconocimiento Global**\nCelebra con nosotros el cierre de este proyecto transformador y aprende sobre el potencial sin explotar de estas vi\u00f1as para el enoturismo. Descubre c\u00f3mo este esfuerzo no solo ha beneficiado a la econom\u00eda local, sino que tambi\u00e9n ha enriquecido la formaci\u00f3n acad\u00e9mica y el desarrollo profesional de los estudiantes involucrados.\n\nNo te pierdas este episodio inspirador de **&quot;Dejando Huellas&quot;**, donde las ra\u00edces de la tradici\u00f3n se entrelazan con la innovaci\u00f3n para dar forma al futuro del vino en Chile. \u00a1Sintoniza y s\u00e9 parte de esta historia de \u00e9xito!\n\n---\n\nEspero que este texto capte la esencia del cap\u00edtulo y atraiga a los espectadores a sintonizar el programa. Si necesitas m\u00e1s ayuda o ajustes, \u00a1estar\u00e9 encantado de asistirte!\"><\/p>\n<div class=\"ac-container ac-adaptiveCard\">\n<div class=\"ac-textBlock\">\n<p>\u00a1Acomp\u00e1\u00f1anos en un viaje fascinante a trav\u00e9s de los vi\u00f1edos de San Javier en este cap\u00edtulo de <strong>\u201cDejando Huellas\u201d<\/strong>! Explora junto a Ana\u00eds Aliaga, estudiante de Ingenier\u00eda Comercial de la UTalca, las historias \u00fanicas y la dedicaci\u00f3n detr\u00e1s de ocho vi\u00f1edos excepcionales.<\/p>\n<p><strong>Historias de Tradici\u00f3n y Pasi\u00f3n<\/strong> Sum\u00e9rgete en las caracter\u00edsticas distintivas de estas vi\u00f1as, ubicadas en Melozal y Caliboro, y descubre c\u00f3mo sus necesidades individuales dieron forma a un plan de marketing personalizado.<\/p>\n<p>Conoce de cerca c\u00f3mo las recientes inundaciones han impactado a los viticultores y c\u00f3mo la comunidad se ha unido para superar los desaf\u00edos.<\/p>\n<p>Celebra con nosotros el cierre de este proyecto transformador y aprende sobre el potencial sin explotar de estas vi\u00f1as para el enoturismo. Descubre c\u00f3mo este esfuerzo no solo ha beneficiado a la econom\u00eda local, sino que tambi\u00e9n ha enriquecido la formaci\u00f3n acad\u00e9mica y el desarrollo profesional de los estudiantes involucrados.<\/p>\n<p>No te pierdas este episodio inspirador de <strong>\u201cDejando Huellas\u201d<\/strong>, donde las ra\u00edces de la tradici\u00f3n se entrelazan con la innovaci\u00f3n para dar forma al futuro del vino en Chile.<\/p>\n<\/div>\n<\/div>\n<\/div>\n","protected":false},"excerpt":{"rendered":"<p>Plan de marketing para vi\u00f1as de San Javier \u00a1Acomp\u00e1\u00f1anos en un viaje fascinante a trav\u00e9s de los vi\u00f1edos de San Javier en este cap\u00edtulo de \u201cDejando Huellas\u201d! Explora junto a Ana\u00eds Aliaga, estudiante de Ingenier\u00eda Comercial de la UTalca, las historias \u00fanicas y la dedicaci\u00f3n detr\u00e1s de ocho vi\u00f1edos excepcionales. Historias de Tradici\u00f3n y Pasi\u00f3n [&hellip;]<\/p>\n","protected":false},"author":1,"featured_media":14112,"comment_status":"closed","ping_status":"open","sticky":false,"template":"","format":"video","meta":{"om_disable_all_campaigns":false,"_monsterinsights_skip_tracking":false,"_monsterinsights_sitenote_active":false,"_monsterinsights_sitenote_note":"","_monsterinsights_sitenote_category":0,"footnotes":""},"categories":[2244,2240,2208,112],"tags":[2242],"class_list":["post-13729","post","type-post","status-publish","format-video","has-post-thumbnail","hentry","category-capitulo-2","category-dejando-huellas","category-programas-home","category-programa","tag-formacion-fundamental-utalca","post_format-post-format-video"],"aioseo_notices":[],"_links":{"self":[{"href":"https:\/\/tv.utalca.cl\/index.php?rest_route=\/wp\/v2\/posts\/13729","targetHints":{"allow":["GET"]}}],"collection":[{"href":"https:\/\/tv.utalca.cl\/index.php?rest_route=\/wp\/v2\/posts"}],"about":[{"href":"https:\/\/tv.utalca.cl\/index.php?rest_route=\/wp\/v2\/types\/post"}],"author":[{"embeddable":true,"href":"https:\/\/tv.utalca.cl\/index.php?rest_route=\/wp\/v2\/users\/1"}],"replies":[{"embeddable":true,"href":"https:\/\/tv.utalca.cl\/index.php?rest_route=%2Fwp%2Fv2%2Fcomments&post=13729"}],"version-history":[{"count":5,"href":"https:\/\/tv.utalca.cl\/index.php?rest_route=\/wp\/v2\/posts\/13729\/revisions"}],"predecessor-version":[{"id":14555,"href":"https:\/\/tv.utalca.cl\/index.php?rest_route=\/wp\/v2\/posts\/13729\/revisions\/14555"}],"wp:featuredmedia":[{"embeddable":true,"href":"https:\/\/tv.utalca.cl\/index.php?rest_route=\/wp\/v2\/media\/14112"}],"wp:attachment":[{"href":"https:\/\/tv.utalca.cl\/index.php?rest_route=%2Fwp%2Fv2%2Fmedia&parent=13729"}],"wp:term":[{"taxonomy":"category","embeddable":true,"href":"https:\/\/tv.utalca.cl\/index.php?rest_route=%2Fwp%2Fv2%2Fcategories&post=13729"},{"taxonomy":"post_tag","embeddable":true,"href":"https:\/\/tv.utalca.cl\/index.php?rest_route=%2Fwp%2Fv2%2Ftags&post=13729"}],"curies":[{"name":"wp","href":"https:\/\/api.w.org\/{rel}","templated":true}]}}