{"id":13736,"date":"2024-03-26T16:08:53","date_gmt":"2024-03-26T19:08:53","guid":{"rendered":"https:\/\/tv.utalca.cl\/?p=13736"},"modified":"2024-03-26T16:08:53","modified_gmt":"2024-03-26T19:08:53","slug":"academica-de-la-utalca-fue-reconocida-por-su-contribucion-a-la-equidad-de-genero","status":"publish","type":"post","link":"https:\/\/tv.utalca.cl\/?p=13736","title":{"rendered":"Acad\u00e9mica de la UTalca fue reconocida por su contribuci\u00f3n a la equidad de g\u00e9nero"},"content":{"rendered":"<p>Sercotec destac\u00f3 la trayectoria profesional y acad\u00e9mica de Karin Saavedra, directora de Vinculaci\u00f3n con el Medio de la Casa de Estudios.<\/p>\n","protected":false},"excerpt":{"rendered":"<p>Sercotec destac\u00f3 la trayectoria profesional y acad\u00e9mica de Karin Saavedra, directora de Vinculaci\u00f3n con el Medio de la Casa de Estudios.<\/p>\n","protected":false},"author":1,"featured_media":13737,"comment_status":"closed","ping_status":"closed","sticky":false,"template":"","format":"standard","meta":{"om_disable_all_campaigns":false,"_monsterinsights_skip_tracking":false,"_monsterinsights_sitenote_active":false,"_monsterinsights_sitenote_note":"","_monsterinsights_sitenote_category":0,"footnotes":""},"categories":[93,92],"tags":[2221,2199,2222],"class_list":["post-13736","post","type-post","status-publish","format-standard","has-post-thumbnail","hentry","category-noticias","category-utalcatv-informa","tag-expo-vde","tag-slider","tag-vicerrectoria-de-desarrollo-estudiantil","slider-tags-slider"],"aioseo_notices":[],"_links":{"self":[{"href":"https:\/\/tv.utalca.cl\/index.php?rest_route=\/wp\/v2\/posts\/13736","targetHints":{"allow":["GET"]}}],"collection":[{"href":"https:\/\/tv.utalca.cl\/index.php?rest_route=\/wp\/v2\/posts"}],"about":[{"href":"https:\/\/tv.utalca.cl\/index.php?rest_route=\/wp\/v2\/types\/post"}],"author":[{"embeddable":true,"href":"https:\/\/tv.utalca.cl\/index.php?rest_route=\/wp\/v2\/users\/1"}],"replies":[{"embeddable":true,"href":"https:\/\/tv.utalca.cl\/index.php?rest_route=%2Fwp%2Fv2%2Fcomments&post=13736"}],"version-history":[{"count":1,"href":"https:\/\/tv.utalca.cl\/index.php?rest_route=\/wp\/v2\/posts\/13736\/revisions"}],"predecessor-version":[{"id":13742,"href":"https:\/\/tv.utalca.cl\/index.php?rest_route=\/wp\/v2\/posts\/13736\/revisions\/13742"}],"wp:featuredmedia":[{"embeddable":true,"href":"https:\/\/tv.utalca.cl\/index.php?rest_route=\/wp\/v2\/media\/13737"}],"wp:attachment":[{"href":"https:\/\/tv.utalca.cl\/index.php?rest_route=%2Fwp%2Fv2%2Fmedia&parent=13736"}],"wp:term":[{"taxonomy":"category","embeddable":true,"href":"https:\/\/tv.utalca.cl\/index.php?rest_route=%2Fwp%2Fv2%2Fcategories&post=13736"},{"taxonomy":"post_tag","embeddable":true,"href":"https:\/\/tv.utalca.cl\/index.php?rest_route=%2Fwp%2Fv2%2Ftags&post=13736"}],"curies":[{"name":"wp","href":"https:\/\/api.w.org\/{rel}","templated":true}]}}