{"id":13951,"date":"2024-03-28T16:50:13","date_gmt":"2024-03-28T19:50:13","guid":{"rendered":"https:\/\/tv.utalca.cl\/?p=13951"},"modified":"2024-04-01T09:23:06","modified_gmt":"2024-04-01T12:23:06","slug":"como-afecta-el-periodo-perinatal-en-la-salud-mental","status":"publish","type":"post","link":"https:\/\/tv.utalca.cl\/?p=13951","title":{"rendered":"\u00bfC\u00f3mo afecta el periodo perinatal en la salud mental?"},"content":{"rendered":"<p>Estudios evidencian que la depresi\u00f3n despu\u00e9s de nacido el beb\u00e9, ronda el 20% y este porcentaje incrementa en los niveles socioecon\u00f3micos m\u00e1s bajos, llegando al 40%.<\/p>\n","protected":false},"excerpt":{"rendered":"<p>Estudios evidencian que la depresi\u00f3n despu\u00e9s de nacido el beb\u00e9, ronda el 20% y este porcentaje incrementa en los niveles socioecon\u00f3micos m\u00e1s bajos, llegando al 40%.<\/p>\n","protected":false},"author":1,"featured_media":13952,"comment_status":"closed","ping_status":"closed","sticky":false,"template":"","format":"standard","meta":{"om_disable_all_campaigns":false,"_monsterinsights_skip_tracking":false,"_monsterinsights_sitenote_active":false,"_monsterinsights_sitenote_note":"","_monsterinsights_sitenote_category":0,"footnotes":""},"categories":[93,92],"tags":[2221,2199,2222],"class_list":["post-13951","post","type-post","status-publish","format-standard","has-post-thumbnail","hentry","category-noticias","category-utalcatv-informa","tag-expo-vde","tag-slider","tag-vicerrectoria-de-desarrollo-estudiantil","slider-tags-slider"],"aioseo_notices":[],"_links":{"self":[{"href":"https:\/\/tv.utalca.cl\/index.php?rest_route=\/wp\/v2\/posts\/13951","targetHints":{"allow":["GET"]}}],"collection":[{"href":"https:\/\/tv.utalca.cl\/index.php?rest_route=\/wp\/v2\/posts"}],"about":[{"href":"https:\/\/tv.utalca.cl\/index.php?rest_route=\/wp\/v2\/types\/post"}],"author":[{"embeddable":true,"href":"https:\/\/tv.utalca.cl\/index.php?rest_route=\/wp\/v2\/users\/1"}],"replies":[{"embeddable":true,"href":"https:\/\/tv.utalca.cl\/index.php?rest_route=%2Fwp%2Fv2%2Fcomments&post=13951"}],"version-history":[{"count":1,"href":"https:\/\/tv.utalca.cl\/index.php?rest_route=\/wp\/v2\/posts\/13951\/revisions"}],"predecessor-version":[{"id":13953,"href":"https:\/\/tv.utalca.cl\/index.php?rest_route=\/wp\/v2\/posts\/13951\/revisions\/13953"}],"wp:featuredmedia":[{"embeddable":true,"href":"https:\/\/tv.utalca.cl\/index.php?rest_route=\/wp\/v2\/media\/13952"}],"wp:attachment":[{"href":"https:\/\/tv.utalca.cl\/index.php?rest_route=%2Fwp%2Fv2%2Fmedia&parent=13951"}],"wp:term":[{"taxonomy":"category","embeddable":true,"href":"https:\/\/tv.utalca.cl\/index.php?rest_route=%2Fwp%2Fv2%2Fcategories&post=13951"},{"taxonomy":"post_tag","embeddable":true,"href":"https:\/\/tv.utalca.cl\/index.php?rest_route=%2Fwp%2Fv2%2Ftags&post=13951"}],"curies":[{"name":"wp","href":"https:\/\/api.w.org\/{rel}","templated":true}]}}