{"id":14009,"date":"2024-04-04T15:58:57","date_gmt":"2024-04-04T18:58:57","guid":{"rendered":"https:\/\/tv.utalca.cl\/?p=14009"},"modified":"2024-04-04T15:58:57","modified_gmt":"2024-04-04T18:58:57","slug":"extension-cultural-de-la-utalca-realizo-ciclo-de-conciertos-al-aire-libre","status":"publish","type":"post","link":"https:\/\/tv.utalca.cl\/?p=14009","title":{"rendered":"Extensi\u00f3n Cultural de la UTalca realiz\u00f3 ciclo de conciertos al aire libre"},"content":{"rendered":"<p>A trav\u00e9s de una gran alianza, se realiz\u00f3 esta iniciativa que busc\u00f3 acercar la m\u00fasica y el arte a la comunidad universitaria y p\u00fablico en general.<\/p>\n","protected":false},"excerpt":{"rendered":"<p>A trav\u00e9s de una gran alianza, se realiz\u00f3 esta iniciativa que busc\u00f3 acercar la m\u00fasica y el arte a la comunidad universitaria y p\u00fablico en general.<\/p>\n","protected":false},"author":1,"featured_media":14010,"comment_status":"closed","ping_status":"closed","sticky":false,"template":"","format":"standard","meta":{"om_disable_all_campaigns":false,"_monsterinsights_skip_tracking":false,"_monsterinsights_sitenote_active":false,"_monsterinsights_sitenote_note":"","_monsterinsights_sitenote_category":0,"footnotes":""},"categories":[93,92],"tags":[2221,2199,2222],"class_list":["post-14009","post","type-post","status-publish","format-standard","has-post-thumbnail","hentry","category-noticias","category-utalcatv-informa","tag-expo-vde","tag-slider","tag-vicerrectoria-de-desarrollo-estudiantil","slider-tags-slider"],"aioseo_notices":[],"_links":{"self":[{"href":"https:\/\/tv.utalca.cl\/index.php?rest_route=\/wp\/v2\/posts\/14009","targetHints":{"allow":["GET"]}}],"collection":[{"href":"https:\/\/tv.utalca.cl\/index.php?rest_route=\/wp\/v2\/posts"}],"about":[{"href":"https:\/\/tv.utalca.cl\/index.php?rest_route=\/wp\/v2\/types\/post"}],"author":[{"embeddable":true,"href":"https:\/\/tv.utalca.cl\/index.php?rest_route=\/wp\/v2\/users\/1"}],"replies":[{"embeddable":true,"href":"https:\/\/tv.utalca.cl\/index.php?rest_route=%2Fwp%2Fv2%2Fcomments&post=14009"}],"version-history":[{"count":1,"href":"https:\/\/tv.utalca.cl\/index.php?rest_route=\/wp\/v2\/posts\/14009\/revisions"}],"predecessor-version":[{"id":14011,"href":"https:\/\/tv.utalca.cl\/index.php?rest_route=\/wp\/v2\/posts\/14009\/revisions\/14011"}],"wp:featuredmedia":[{"embeddable":true,"href":"https:\/\/tv.utalca.cl\/index.php?rest_route=\/wp\/v2\/media\/14010"}],"wp:attachment":[{"href":"https:\/\/tv.utalca.cl\/index.php?rest_route=%2Fwp%2Fv2%2Fmedia&parent=14009"}],"wp:term":[{"taxonomy":"category","embeddable":true,"href":"https:\/\/tv.utalca.cl\/index.php?rest_route=%2Fwp%2Fv2%2Fcategories&post=14009"},{"taxonomy":"post_tag","embeddable":true,"href":"https:\/\/tv.utalca.cl\/index.php?rest_route=%2Fwp%2Fv2%2Ftags&post=14009"}],"curies":[{"name":"wp","href":"https:\/\/api.w.org\/{rel}","templated":true}]}}