{"id":14037,"date":"2024-04-05T09:25:45","date_gmt":"2024-04-05T12:25:45","guid":{"rendered":"https:\/\/tv.utalca.cl\/?p=14037"},"modified":"2024-04-26T14:59:39","modified_gmt":"2024-04-26T18:59:39","slug":"agenda-utalca-5-de-abril","status":"publish","type":"post","link":"https:\/\/tv.utalca.cl\/?p=14037","title":{"rendered":"Agenda UTalca &#8211; 5 de abril"},"content":{"rendered":"<p>El martes 9 de abril a las 11 horas se inaugura en el campus Colchagua de la UTalca, ubicado en la comuna de Santa Cruz, el \u201cFestival Internacional de Poes\u00eda y Vino\u201d que reunir\u00e1 a cerca de 50 poetas y artistas pl\u00e1sticos en torno al patrimonio vitivin\u00edcola del Valle de Colchagua.<\/p>\n<p>Mientras que, el jueves 11 de abril a las 11:30 horas se realizar\u00e1 la ceremonia de Inicio de A\u00f1o Acad\u00e9mico 2024 de la UTalca, con la presencia de la reconocida empresaria y emprendedora Alejandra Mustakis, quien dictar\u00e1 la charla magistral \u201cCrear y Creer en Chile\u201d.<\/p>\n<p>La actividad se efectuar\u00e1 en el Aula Magna de la Universidad, ubicado en el Edificio Espacio Bicentenario en el campus Talca de la Instituci\u00f3n.<\/p>\n","protected":false},"excerpt":{"rendered":"<p>El martes 9 de abril a las 11 horas se inaugura en el campus Colchagua de la UTalca, ubicado en la comuna de Santa Cruz, el \u201cFestival Internacional de Poes\u00eda y Vino\u201d que reunir\u00e1 a cerca de 50 poetas y artistas pl\u00e1sticos en torno al patrimonio vitivin\u00edcola del Valle de Colchagua. Mientras que, el jueves [&hellip;]<\/p>\n","protected":false},"author":1,"featured_media":0,"comment_status":"closed","ping_status":"closed","sticky":false,"template":"","format":"video","meta":{"om_disable_all_campaigns":false,"_monsterinsights_skip_tracking":false,"_monsterinsights_sitenote_active":false,"_monsterinsights_sitenote_note":"","_monsterinsights_sitenote_category":0,"footnotes":""},"categories":[2258,2259],"tags":[2264],"class_list":["post-14037","post","type-post","status-publish","format-video","hentry","category-2258","category-agenda-utalca","tag-agenda-utalca","post_format-post-format-video"],"aioseo_notices":[],"_links":{"self":[{"href":"https:\/\/tv.utalca.cl\/index.php?rest_route=\/wp\/v2\/posts\/14037","targetHints":{"allow":["GET"]}}],"collection":[{"href":"https:\/\/tv.utalca.cl\/index.php?rest_route=\/wp\/v2\/posts"}],"about":[{"href":"https:\/\/tv.utalca.cl\/index.php?rest_route=\/wp\/v2\/types\/post"}],"author":[{"embeddable":true,"href":"https:\/\/tv.utalca.cl\/index.php?rest_route=\/wp\/v2\/users\/1"}],"replies":[{"embeddable":true,"href":"https:\/\/tv.utalca.cl\/index.php?rest_route=%2Fwp%2Fv2%2Fcomments&post=14037"}],"version-history":[{"count":3,"href":"https:\/\/tv.utalca.cl\/index.php?rest_route=\/wp\/v2\/posts\/14037\/revisions"}],"predecessor-version":[{"id":14192,"href":"https:\/\/tv.utalca.cl\/index.php?rest_route=\/wp\/v2\/posts\/14037\/revisions\/14192"}],"wp:attachment":[{"href":"https:\/\/tv.utalca.cl\/index.php?rest_route=%2Fwp%2Fv2%2Fmedia&parent=14037"}],"wp:term":[{"taxonomy":"category","embeddable":true,"href":"https:\/\/tv.utalca.cl\/index.php?rest_route=%2Fwp%2Fv2%2Fcategories&post=14037"},{"taxonomy":"post_tag","embeddable":true,"href":"https:\/\/tv.utalca.cl\/index.php?rest_route=%2Fwp%2Fv2%2Ftags&post=14037"}],"curies":[{"name":"wp","href":"https:\/\/api.w.org\/{rel}","templated":true}]}}