{"id":14160,"date":"2024-04-11T16:33:42","date_gmt":"2024-04-11T20:33:42","guid":{"rendered":"https:\/\/tv.utalca.cl\/?p=14160"},"modified":"2024-04-11T16:33:42","modified_gmt":"2024-04-11T20:33:42","slug":"emprendimiento-e-innovacion-marcan-el-inicio-de-ano-academico-de-la-utalca","status":"publish","type":"post","link":"https:\/\/tv.utalca.cl\/?p=14160","title":{"rendered":"Emprendimiento e innovaci\u00f3n marcan el inicio de A\u00f1o Acad\u00e9mico de la UTalca"},"content":{"rendered":"<p><span style=\"font-weight: 400;\">La reconocida empresaria y expresidenta de la Asociaci\u00f3n de Emprendedores de Chile, Alejandra Mustakis, ofreci\u00f3 una charla inspiradora enfocada en fomentar estas habilidades entre los estudiantes. <\/span><\/p>\n","protected":false},"excerpt":{"rendered":"<p>La reconocida empresaria y expresidenta de la Asociaci\u00f3n de Emprendedores de Chile, Alejandra Mustakis, ofreci\u00f3 una charla inspiradora enfocada en fomentar estas habilidades entre los estudiantes.<\/p>\n","protected":false},"author":1,"featured_media":14161,"comment_status":"closed","ping_status":"closed","sticky":false,"template":"","format":"standard","meta":{"om_disable_all_campaigns":false,"_monsterinsights_skip_tracking":false,"_monsterinsights_sitenote_active":false,"_monsterinsights_sitenote_note":"","_monsterinsights_sitenote_category":0,"footnotes":""},"categories":[93,92],"tags":[2221,2199,2222],"class_list":["post-14160","post","type-post","status-publish","format-standard","has-post-thumbnail","hentry","category-noticias","category-utalcatv-informa","tag-expo-vde","tag-slider","tag-vicerrectoria-de-desarrollo-estudiantil","slider-tags-slider"],"aioseo_notices":[],"_links":{"self":[{"href":"https:\/\/tv.utalca.cl\/index.php?rest_route=\/wp\/v2\/posts\/14160","targetHints":{"allow":["GET"]}}],"collection":[{"href":"https:\/\/tv.utalca.cl\/index.php?rest_route=\/wp\/v2\/posts"}],"about":[{"href":"https:\/\/tv.utalca.cl\/index.php?rest_route=\/wp\/v2\/types\/post"}],"author":[{"embeddable":true,"href":"https:\/\/tv.utalca.cl\/index.php?rest_route=\/wp\/v2\/users\/1"}],"replies":[{"embeddable":true,"href":"https:\/\/tv.utalca.cl\/index.php?rest_route=%2Fwp%2Fv2%2Fcomments&post=14160"}],"version-history":[{"count":1,"href":"https:\/\/tv.utalca.cl\/index.php?rest_route=\/wp\/v2\/posts\/14160\/revisions"}],"predecessor-version":[{"id":14162,"href":"https:\/\/tv.utalca.cl\/index.php?rest_route=\/wp\/v2\/posts\/14160\/revisions\/14162"}],"wp:featuredmedia":[{"embeddable":true,"href":"https:\/\/tv.utalca.cl\/index.php?rest_route=\/wp\/v2\/media\/14161"}],"wp:attachment":[{"href":"https:\/\/tv.utalca.cl\/index.php?rest_route=%2Fwp%2Fv2%2Fmedia&parent=14160"}],"wp:term":[{"taxonomy":"category","embeddable":true,"href":"https:\/\/tv.utalca.cl\/index.php?rest_route=%2Fwp%2Fv2%2Fcategories&post=14160"},{"taxonomy":"post_tag","embeddable":true,"href":"https:\/\/tv.utalca.cl\/index.php?rest_route=%2Fwp%2Fv2%2Ftags&post=14160"}],"curies":[{"name":"wp","href":"https:\/\/api.w.org\/{rel}","templated":true}]}}