{"id":14163,"date":"2024-04-12T09:57:15","date_gmt":"2024-04-12T13:57:15","guid":{"rendered":"https:\/\/tv.utalca.cl\/?p=14163"},"modified":"2025-10-02T10:17:49","modified_gmt":"2025-10-02T13:17:49","slug":"ceremonia-inicio-ano-academico-universidad-de-talca-2024","status":"publish","type":"post","link":"https:\/\/tv.utalca.cl\/?p=14163","title":{"rendered":"Ceremonia Inicio A\u00f1o Acad\u00e9mico Universidad de Talca 2024"},"content":{"rendered":"<p>En el marco del evento se dict\u00f3 la charla \u201cCreer y crear en Chile\u201d, que ser\u00e1 impartida por la expresidenta de la Asociaci\u00f3n de Emprendedores de Chile, Alejandra Mustakis Sabal, socia fundadora de diversas compa\u00f1\u00edas e impulsora de diversos emprendimientos relacionados con las \u00e1reas tecnol\u00f3gica y social.<\/p>\n","protected":false},"excerpt":{"rendered":"<p>En el marco del evento se dict\u00f3 la charla \u201cCreer y crear en Chile\u201d, que ser\u00e1 impartida por la expresidenta de la Asociaci\u00f3n de Emprendedores de Chile, Alejandra Mustakis Sabal, socia fundadora de diversas compa\u00f1\u00edas e impulsora de diversos emprendimientos relacionados con las \u00e1reas tecnol\u00f3gica y social.<\/p>\n","protected":false},"author":1,"featured_media":14933,"comment_status":"closed","ping_status":"closed","sticky":false,"template":"","format":"video","meta":{"om_disable_all_campaigns":false,"_monsterinsights_skip_tracking":false,"_monsterinsights_sitenote_active":false,"_monsterinsights_sitenote_note":"","_monsterinsights_sitenote_category":0,"footnotes":""},"categories":[577,2295,2211,2334,1152],"tags":[2215,2260,578,2213],"class_list":["post-14163","post","type-post","status-publish","format-video","has-post-thumbnail","hentry","category-especiales-utalcatv","category-estreno","category-streaming","category-videos-corporativos","category-videos-utalca","tag-2215","tag-alejandra-mustakis","tag-inicio-ano-academico","tag-streaming","post_format-post-format-video"],"aioseo_notices":[],"_links":{"self":[{"href":"https:\/\/tv.utalca.cl\/index.php?rest_route=\/wp\/v2\/posts\/14163","targetHints":{"allow":["GET"]}}],"collection":[{"href":"https:\/\/tv.utalca.cl\/index.php?rest_route=\/wp\/v2\/posts"}],"about":[{"href":"https:\/\/tv.utalca.cl\/index.php?rest_route=\/wp\/v2\/types\/post"}],"author":[{"embeddable":true,"href":"https:\/\/tv.utalca.cl\/index.php?rest_route=\/wp\/v2\/users\/1"}],"replies":[{"embeddable":true,"href":"https:\/\/tv.utalca.cl\/index.php?rest_route=%2Fwp%2Fv2%2Fcomments&post=14163"}],"version-history":[{"count":1,"href":"https:\/\/tv.utalca.cl\/index.php?rest_route=\/wp\/v2\/posts\/14163\/revisions"}],"predecessor-version":[{"id":14165,"href":"https:\/\/tv.utalca.cl\/index.php?rest_route=\/wp\/v2\/posts\/14163\/revisions\/14165"}],"wp:featuredmedia":[{"embeddable":true,"href":"https:\/\/tv.utalca.cl\/index.php?rest_route=\/wp\/v2\/media\/14933"}],"wp:attachment":[{"href":"https:\/\/tv.utalca.cl\/index.php?rest_route=%2Fwp%2Fv2%2Fmedia&parent=14163"}],"wp:term":[{"taxonomy":"category","embeddable":true,"href":"https:\/\/tv.utalca.cl\/index.php?rest_route=%2Fwp%2Fv2%2Fcategories&post=14163"},{"taxonomy":"post_tag","embeddable":true,"href":"https:\/\/tv.utalca.cl\/index.php?rest_route=%2Fwp%2Fv2%2Ftags&post=14163"}],"curies":[{"name":"wp","href":"https:\/\/api.w.org\/{rel}","templated":true}]}}