{"id":14176,"date":"2024-04-12T15:36:42","date_gmt":"2024-04-12T19:36:42","guid":{"rendered":"https:\/\/tv.utalca.cl\/?p=14176"},"modified":"2024-04-12T15:46:16","modified_gmt":"2024-04-12T19:46:16","slug":"obra-inspirada-en-la-vida-y-legado-artistico-de-roser-bru-llega-a-la-utalca-2","status":"publish","type":"post","link":"https:\/\/tv.utalca.cl\/?p=14176","title":{"rendered":"Exposici\u00f3n fotogr\u00e1fica de Crist\u00f3bal Masera se est\u00e1 presentando en Extensi\u00f3n de la UTalca"},"content":{"rendered":"<p>Revisa m\u00e1s informaciones en la siguiente s\u00edntesis de noticias que incluye el recital po\u00e9tico del que participaron escritores regionales.<\/p>\n","protected":false},"excerpt":{"rendered":"<p>Revisa m\u00e1s informaciones en la siguiente s\u00edntesis de noticias que incluye el recital po\u00e9tico del que participaron escritores regionales.<\/p>\n","protected":false},"author":1,"featured_media":14188,"comment_status":"closed","ping_status":"closed","sticky":false,"template":"","format":"standard","meta":{"om_disable_all_campaigns":false,"_monsterinsights_skip_tracking":false,"_monsterinsights_sitenote_active":false,"_monsterinsights_sitenote_note":"","_monsterinsights_sitenote_category":0,"footnotes":""},"categories":[93,92],"tags":[2221,2199,2222],"class_list":["post-14176","post","type-post","status-publish","format-standard","has-post-thumbnail","hentry","category-noticias","category-utalcatv-informa","tag-expo-vde","tag-slider","tag-vicerrectoria-de-desarrollo-estudiantil","slider-tags-slider"],"aioseo_notices":[],"_links":{"self":[{"href":"https:\/\/tv.utalca.cl\/index.php?rest_route=\/wp\/v2\/posts\/14176","targetHints":{"allow":["GET"]}}],"collection":[{"href":"https:\/\/tv.utalca.cl\/index.php?rest_route=\/wp\/v2\/posts"}],"about":[{"href":"https:\/\/tv.utalca.cl\/index.php?rest_route=\/wp\/v2\/types\/post"}],"author":[{"embeddable":true,"href":"https:\/\/tv.utalca.cl\/index.php?rest_route=\/wp\/v2\/users\/1"}],"replies":[{"embeddable":true,"href":"https:\/\/tv.utalca.cl\/index.php?rest_route=%2Fwp%2Fv2%2Fcomments&post=14176"}],"version-history":[{"count":3,"href":"https:\/\/tv.utalca.cl\/index.php?rest_route=\/wp\/v2\/posts\/14176\/revisions"}],"predecessor-version":[{"id":14189,"href":"https:\/\/tv.utalca.cl\/index.php?rest_route=\/wp\/v2\/posts\/14176\/revisions\/14189"}],"wp:featuredmedia":[{"embeddable":true,"href":"https:\/\/tv.utalca.cl\/index.php?rest_route=\/wp\/v2\/media\/14188"}],"wp:attachment":[{"href":"https:\/\/tv.utalca.cl\/index.php?rest_route=%2Fwp%2Fv2%2Fmedia&parent=14176"}],"wp:term":[{"taxonomy":"category","embeddable":true,"href":"https:\/\/tv.utalca.cl\/index.php?rest_route=%2Fwp%2Fv2%2Fcategories&post=14176"},{"taxonomy":"post_tag","embeddable":true,"href":"https:\/\/tv.utalca.cl\/index.php?rest_route=%2Fwp%2Fv2%2Ftags&post=14176"}],"curies":[{"name":"wp","href":"https:\/\/api.w.org\/{rel}","templated":true}]}}