{"id":14411,"date":"2024-04-26T15:17:10","date_gmt":"2024-04-26T19:17:10","guid":{"rendered":"https:\/\/tv.utalca.cl\/?p=14411"},"modified":"2024-05-13T16:04:15","modified_gmt":"2024-05-13T20:04:15","slug":"seminario-abordo-los-desafios-contra-crimen-organizado-en-el-maule","status":"publish","type":"post","link":"https:\/\/tv.utalca.cl\/?p=14411","title":{"rendered":"Seminario abord\u00f3 los desaf\u00edos contra crimen organizado en el Maule"},"content":{"rendered":"<p><strong>Seminario abord\u00f3 los desaf\u00edos contra crimen organizado en el Maule<\/strong><\/p>\n<p>Las brigadas antinarc\u00f3ticos y contra el crimen organizado de la PDI , en colaboraci\u00f3n con la Facultad de Ciencias Jur\u00eddicas y Sociales de la Universidad de Talca, organizaron un seminario destinado a analizar los desaf\u00edos contra crimen organizado en chile y espec\u00edficamente en la regi\u00f3n del maule.<\/p>\n<p>el evento cont\u00f3 con la participaci\u00f3n de funcionarios de la polic\u00eda de investigaciones, del ministerio p\u00fablico, carabineros y gendarmer\u00eda, as\u00ed como tambi\u00e9n acad\u00e9micos y estudiantes de las carreras de derecho y administraci\u00f3n p\u00fablica de esta casa de estudios.<\/p>\n<p><b>Realizan corrida por el D\u00eda de la Tierra<\/b><\/p>\n<p>El campus Talca fue el escenario de una emocionante jornada deportiva en celebraci\u00f3n del D\u00eda internacional de la Tierra. estudiantes, funcionarios, funcionarias, acad\u00e9micos y acad\u00e9micas, as\u00ed como miembros de la comunidad en general, se unieron para participar en una corrida de 3 kil\u00f3metros, organizada por el programa de deportes de la casa de estudios.<\/p>\n","protected":false},"excerpt":{"rendered":"<p>Seminario abord\u00f3 los desaf\u00edos contra crimen organizado en el Maule Las brigadas antinarc\u00f3ticos y contra el crimen organizado de la PDI , en colaboraci\u00f3n con la Facultad de Ciencias Jur\u00eddicas y Sociales de la Universidad de Talca, organizaron un seminario destinado a analizar los desaf\u00edos contra crimen organizado en chile y espec\u00edficamente en la regi\u00f3n [&hellip;]<\/p>\n","protected":false},"author":1,"featured_media":14435,"comment_status":"closed","ping_status":"closed","sticky":false,"template":"","format":"standard","meta":{"om_disable_all_campaigns":false,"_monsterinsights_skip_tracking":false,"_monsterinsights_sitenote_active":false,"_monsterinsights_sitenote_note":"","_monsterinsights_sitenote_category":0,"footnotes":""},"categories":[93,92],"tags":[2270,126],"class_list":["post-14411","post","type-post","status-publish","format-standard","has-post-thumbnail","hentry","category-noticias","category-utalcatv-informa","tag-crimen-organizado-en-el-maule","tag-seminario","slider-tags-utalcatv-informa"],"aioseo_notices":[],"_links":{"self":[{"href":"https:\/\/tv.utalca.cl\/index.php?rest_route=\/wp\/v2\/posts\/14411","targetHints":{"allow":["GET"]}}],"collection":[{"href":"https:\/\/tv.utalca.cl\/index.php?rest_route=\/wp\/v2\/posts"}],"about":[{"href":"https:\/\/tv.utalca.cl\/index.php?rest_route=\/wp\/v2\/types\/post"}],"author":[{"embeddable":true,"href":"https:\/\/tv.utalca.cl\/index.php?rest_route=\/wp\/v2\/users\/1"}],"replies":[{"embeddable":true,"href":"https:\/\/tv.utalca.cl\/index.php?rest_route=%2Fwp%2Fv2%2Fcomments&post=14411"}],"version-history":[{"count":4,"href":"https:\/\/tv.utalca.cl\/index.php?rest_route=\/wp\/v2\/posts\/14411\/revisions"}],"predecessor-version":[{"id":14441,"href":"https:\/\/tv.utalca.cl\/index.php?rest_route=\/wp\/v2\/posts\/14411\/revisions\/14441"}],"wp:featuredmedia":[{"embeddable":true,"href":"https:\/\/tv.utalca.cl\/index.php?rest_route=\/wp\/v2\/media\/14435"}],"wp:attachment":[{"href":"https:\/\/tv.utalca.cl\/index.php?rest_route=%2Fwp%2Fv2%2Fmedia&parent=14411"}],"wp:term":[{"taxonomy":"category","embeddable":true,"href":"https:\/\/tv.utalca.cl\/index.php?rest_route=%2Fwp%2Fv2%2Fcategories&post=14411"},{"taxonomy":"post_tag","embeddable":true,"href":"https:\/\/tv.utalca.cl\/index.php?rest_route=%2Fwp%2Fv2%2Ftags&post=14411"}],"curies":[{"name":"wp","href":"https:\/\/api.w.org\/{rel}","templated":true}]}}