{"id":14420,"date":"2024-04-26T14:40:32","date_gmt":"2024-04-26T18:40:32","guid":{"rendered":"https:\/\/tv.utalca.cl\/?p=14420"},"modified":"2025-06-02T09:08:23","modified_gmt":"2025-06-02T13:08:23","slug":"dejando-huellas-taller-artistico-en-junta-de-vecinos-villa-la-florida-de-talca","status":"publish","type":"post","link":"https:\/\/tv.utalca.cl\/?p=14420","title":{"rendered":"Dejando Huellas"},"content":{"rendered":"<p>Taller para potenciar las capacidades art\u00edsticas de vecinos de villa La Florida de Talca.<\/p>\n<p>\u00a1Descubre el poder transformador del arte <span style=\"font-weight: 400;\">de vecinos de villa La Florida de Talca<\/span>! No te pierdas el pr\u00f3ximo cap\u00edtulo de <strong>\u201cDejando Huellas\u201d<\/strong>, donde exploraremos el inspirador proyecto de la Escuela de M\u00fasica UTalca. Este taller \u00fanico est\u00e1 dedicado a potenciar las capacidades art\u00edsticas de los vecinos, brindando un espacio para la creatividad y la conexi\u00f3n social.<\/p>\n","protected":false},"excerpt":{"rendered":"<p>Taller para potenciar las capacidades art\u00edsticas de vecinos de villa La Florida de Talca. \u00a1Descubre el poder transformador del arte de vecinos de villa La Florida de Talca! No te pierdas el pr\u00f3ximo cap\u00edtulo de \u201cDejando Huellas\u201d, donde exploraremos el inspirador proyecto de la Escuela de M\u00fasica UTalca. Este taller \u00fanico est\u00e1 dedicado a potenciar [&hellip;]<\/p>\n","protected":false},"author":1,"featured_media":14427,"comment_status":"closed","ping_status":"open","sticky":false,"template":"","format":"video","meta":{"om_disable_all_campaigns":false,"_monsterinsights_skip_tracking":false,"_monsterinsights_sitenote_active":false,"_monsterinsights_sitenote_note":"","_monsterinsights_sitenote_category":0,"footnotes":""},"categories":[2246,2240,112,2265],"tags":[2278,131],"class_list":["post-14420","post","type-post","status-publish","format-video","has-post-thumbnail","hentry","category-capitulo-4","category-dejando-huellas","category-programa","category-temporada1","tag-la-florida-talca","tag-musica","post_format-post-format-video"],"aioseo_notices":[],"_links":{"self":[{"href":"https:\/\/tv.utalca.cl\/index.php?rest_route=\/wp\/v2\/posts\/14420","targetHints":{"allow":["GET"]}}],"collection":[{"href":"https:\/\/tv.utalca.cl\/index.php?rest_route=\/wp\/v2\/posts"}],"about":[{"href":"https:\/\/tv.utalca.cl\/index.php?rest_route=\/wp\/v2\/types\/post"}],"author":[{"embeddable":true,"href":"https:\/\/tv.utalca.cl\/index.php?rest_route=\/wp\/v2\/users\/1"}],"replies":[{"embeddable":true,"href":"https:\/\/tv.utalca.cl\/index.php?rest_route=%2Fwp%2Fv2%2Fcomments&post=14420"}],"version-history":[{"count":6,"href":"https:\/\/tv.utalca.cl\/index.php?rest_route=\/wp\/v2\/posts\/14420\/revisions"}],"predecessor-version":[{"id":14538,"href":"https:\/\/tv.utalca.cl\/index.php?rest_route=\/wp\/v2\/posts\/14420\/revisions\/14538"}],"wp:featuredmedia":[{"embeddable":true,"href":"https:\/\/tv.utalca.cl\/index.php?rest_route=\/wp\/v2\/media\/14427"}],"wp:attachment":[{"href":"https:\/\/tv.utalca.cl\/index.php?rest_route=%2Fwp%2Fv2%2Fmedia&parent=14420"}],"wp:term":[{"taxonomy":"category","embeddable":true,"href":"https:\/\/tv.utalca.cl\/index.php?rest_route=%2Fwp%2Fv2%2Fcategories&post=14420"},{"taxonomy":"post_tag","embeddable":true,"href":"https:\/\/tv.utalca.cl\/index.php?rest_route=%2Fwp%2Fv2%2Ftags&post=14420"}],"curies":[{"name":"wp","href":"https:\/\/api.w.org\/{rel}","templated":true}]}}