{"id":14705,"date":"2024-05-08T16:43:15","date_gmt":"2024-05-08T20:43:15","guid":{"rendered":"https:\/\/tv.utalca.cl\/?p=14705"},"modified":"2024-05-13T16:02:53","modified_gmt":"2024-05-13T20:02:53","slug":"los-efectos-del-cambio-climatico-y-el-nino-provocan-el-adelanto-del-invierno","status":"publish","type":"post","link":"https:\/\/tv.utalca.cl\/?p=14705","title":{"rendered":"Los efectos del cambio clim\u00e1tico y El Ni\u00f1o provocan el adelanto del invierno"},"content":{"rendered":"<p>Seg\u00fan datos del Citra de la UTalca, este fen\u00f3meno continuar\u00e1 hasta mediados de junio, anticipando la llegada del evento de La Ni\u00f1a. <\/p>\n","protected":false},"excerpt":{"rendered":"<p>Seg\u00fan datos del Citra de la UTalca, este fen\u00f3meno continuar\u00e1 hasta mediados de junio, anticipando la llegada del evento de La Ni\u00f1a.<\/p>\n","protected":false},"author":1,"featured_media":14706,"comment_status":"closed","ping_status":"closed","sticky":false,"template":"","format":"standard","meta":{"om_disable_all_campaigns":false,"_monsterinsights_skip_tracking":false,"_monsterinsights_sitenote_active":false,"_monsterinsights_sitenote_note":"","_monsterinsights_sitenote_category":0,"footnotes":""},"categories":[93,92],"tags":[172,692],"class_list":["post-14705","post","type-post","status-publish","format-standard","has-post-thumbnail","hentry","category-noticias","category-utalcatv-informa","tag-cambio-climatico","tag-invierno","slider-tags-utalcatv-informa"],"aioseo_notices":[],"_links":{"self":[{"href":"https:\/\/tv.utalca.cl\/index.php?rest_route=\/wp\/v2\/posts\/14705","targetHints":{"allow":["GET"]}}],"collection":[{"href":"https:\/\/tv.utalca.cl\/index.php?rest_route=\/wp\/v2\/posts"}],"about":[{"href":"https:\/\/tv.utalca.cl\/index.php?rest_route=\/wp\/v2\/types\/post"}],"author":[{"embeddable":true,"href":"https:\/\/tv.utalca.cl\/index.php?rest_route=\/wp\/v2\/users\/1"}],"replies":[{"embeddable":true,"href":"https:\/\/tv.utalca.cl\/index.php?rest_route=%2Fwp%2Fv2%2Fcomments&post=14705"}],"version-history":[{"count":1,"href":"https:\/\/tv.utalca.cl\/index.php?rest_route=\/wp\/v2\/posts\/14705\/revisions"}],"predecessor-version":[{"id":14707,"href":"https:\/\/tv.utalca.cl\/index.php?rest_route=\/wp\/v2\/posts\/14705\/revisions\/14707"}],"wp:featuredmedia":[{"embeddable":true,"href":"https:\/\/tv.utalca.cl\/index.php?rest_route=\/wp\/v2\/media\/14706"}],"wp:attachment":[{"href":"https:\/\/tv.utalca.cl\/index.php?rest_route=%2Fwp%2Fv2%2Fmedia&parent=14705"}],"wp:term":[{"taxonomy":"category","embeddable":true,"href":"https:\/\/tv.utalca.cl\/index.php?rest_route=%2Fwp%2Fv2%2Fcategories&post=14705"},{"taxonomy":"post_tag","embeddable":true,"href":"https:\/\/tv.utalca.cl\/index.php?rest_route=%2Fwp%2Fv2%2Ftags&post=14705"}],"curies":[{"name":"wp","href":"https:\/\/api.w.org\/{rel}","templated":true}]}}