{"id":14727,"date":"2024-05-10T14:39:05","date_gmt":"2024-05-10T18:39:05","guid":{"rendered":"https:\/\/tv.utalca.cl\/?p=14727"},"modified":"2024-05-13T15:54:37","modified_gmt":"2024-05-13T19:54:37","slug":"agenda-utalca","status":"publish","type":"post","link":"https:\/\/tv.utalca.cl\/?p=14727","title":{"rendered":"Agenda UTalca"},"content":{"rendered":"<h2><strong>Esta Semana<\/strong><\/h2>\n<p><span class=\"TextRun SCXW77197326 BCX8\" lang=\"ES-CL\" xml:lang=\"ES-CL\" data-contrast=\"auto\"><span class=\"NormalTextRun SCXW77197326 BCX8\"><strong>El mi\u00e9rcoles 15 de mayo a las 12:30<\/strong> s<\/span><span class=\"NormalTextRun SCXW77197326 BCX8\">e inaugura<\/span><span class=\"NormalTextRun SCXW77197326 BCX8\">r\u00e1 un memorial<\/span><span class=\"NormalTextRun SCXW77197326 BCX8\"> homenaje a<\/span><span class=\"NormalTextRun SCXW77197326 BCX8\">l<\/span> <span class=\"NormalTextRun SCXW77197326 BCX8\">artista <\/span><span class=\"NormalTextRun SCXW77197326 BCX8\">Nicanor Plaza<\/span><span class=\"NormalTextRun SCXW77197326 BCX8\">, considerado el padre de las Esculturas <\/span><span class=\"NormalTextRun SCXW77197326 BCX8\">en<\/span> <span class=\"NormalTextRun SCXW77197326 BCX8\">C<\/span><span class=\"NormalTextRun SCXW77197326 BCX8\">hile<\/span><span class=\"NormalTextRun SCXW77197326 BCX8\">. La obra ubicada <\/span><span class=\"NormalTextRun SCXW77197326 BCX8\">en el<\/span><strong><span class=\"NormalTextRun SCXW77197326 BCX8\"> Campus<\/span> <span class=\"NormalTextRun SCXW77197326 BCX8\">Talca <\/span><\/strong><span class=\"NormalTextRun SCXW77197326 BCX8\">es el resultado de un trabajo colaborativo de los destacados escultores<\/span><span class=\"NormalTextRun SCXW77197326 BCX8\"> Francisco Gazit\u00faa, premio nacional de Artes Pl\u00e1sticas 2021, <\/span><span class=\"NormalTextRun SCXW77197326 BCX8\">Jos\u00e9 Vicente Gajardo y Juan Luis <\/span><span class=\"NormalTextRun SpellingErrorV2Themed SpellingErrorHighlight SCXW77197326 BCX8\">D\u00f6r<\/span><span class=\"NormalTextRun SCXW77197326 BCX8\">.<\/span><\/span><span class=\"EOP SCXW77197326 BCX8\" data-ccp-props=\"{&quot;201341983&quot;:0,&quot;335559739&quot;:160,&quot;335559740&quot;:278}\">\u00a0<\/span><\/p>\n<p><span class=\"TextRun SCXW485043 BCX8\" lang=\"ES-CL\" xml:lang=\"ES-CL\" data-contrast=\"auto\"><strong><span class=\"NormalTextRun SCXW485043 BCX8\">El <\/span><span class=\"NormalTextRun SCXW485043 BCX8\">jueves <\/span><span class=\"NormalTextRun SCXW485043 BCX8\">16 de mayo<\/span> <\/strong><span class=\"NormalTextRun SCXW485043 BCX8\"><strong>desde las 8: 30<\/strong> de la ma\u00f1ana se realizar\u00e1 la tercera jornada Cient\u00edfica<\/span><span class=\"NormalTextRun SCXW485043 BCX8\"> internacional \u201clegumbres y envejecimiento saludable\u201d<\/span><span class=\"NormalTextRun SCXW485043 BCX8\">. El evento <\/span><span class=\"NormalTextRun SCXW485043 BCX8\">se desarrol<\/span><span class=\"NormalTextRun SCXW485043 BCX8\">lar<\/span><span class=\"NormalTextRun SCXW485043 BCX8\">\u00e1<\/span><span class=\"NormalTextRun SCXW485043 BCX8\"> en el <strong>auditorio de Qu\u00edmica <\/strong><\/span><strong><span class=\"NormalTextRun SCXW485043 BCX8\">de Recursos Naturales de<\/span><span class=\"NormalTextRun SCXW485043 BCX8\">l<\/span><span class=\"NormalTextRun SCXW485043 BCX8\"> Campus Talca<\/span><\/strong><span class=\"NormalTextRun SCXW485043 BCX8\">.<\/span><\/span><span class=\"EOP SCXW485043 BCX8\" data-ccp-props=\"{&quot;201341983&quot;:0,&quot;335559739&quot;:160,&quot;335559740&quot;:278}\">\u00a0<\/span><\/p>\n<p>Si quieres conocer de m\u00e1s eventos, seminarios o actividades culturales que tiene para ti la Universidad de Talca, visita nuestro portal<\/p>\n<p class=\"p1\"><a href=\"http:\/\/agenda.utalca.cl\" target=\"_blank\" rel=\"noopener\"><span class=\"s1\">agenda.utalca.cl<\/span><\/a><\/p>\n","protected":false},"excerpt":{"rendered":"<p>Esta Semana El mi\u00e9rcoles 15 de mayo a las 12:30 se inaugurar\u00e1 un memorial homenaje al artista Nicanor Plaza, considerado el padre de las Esculturas en Chile. La obra ubicada en el Campus Talca es el resultado de un trabajo colaborativo de los destacados escultores Francisco Gazit\u00faa, premio nacional de Artes Pl\u00e1sticas 2021, Jos\u00e9 Vicente [&hellip;]<\/p>\n","protected":false},"author":1,"featured_media":0,"comment_status":"closed","ping_status":"closed","sticky":false,"template":"","format":"video","meta":{"om_disable_all_campaigns":false,"_monsterinsights_skip_tracking":false,"_monsterinsights_sitenote_active":false,"_monsterinsights_sitenote_note":"","_monsterinsights_sitenote_category":0,"footnotes":""},"categories":[2258,2259],"tags":[2264],"class_list":["post-14727","post","type-post","status-publish","format-video","hentry","category-2258","category-agenda-utalca","tag-agenda-utalca","post_format-post-format-video"],"aioseo_notices":[],"_links":{"self":[{"href":"https:\/\/tv.utalca.cl\/index.php?rest_route=\/wp\/v2\/posts\/14727","targetHints":{"allow":["GET"]}}],"collection":[{"href":"https:\/\/tv.utalca.cl\/index.php?rest_route=\/wp\/v2\/posts"}],"about":[{"href":"https:\/\/tv.utalca.cl\/index.php?rest_route=\/wp\/v2\/types\/post"}],"author":[{"embeddable":true,"href":"https:\/\/tv.utalca.cl\/index.php?rest_route=\/wp\/v2\/users\/1"}],"replies":[{"embeddable":true,"href":"https:\/\/tv.utalca.cl\/index.php?rest_route=%2Fwp%2Fv2%2Fcomments&post=14727"}],"version-history":[{"count":1,"href":"https:\/\/tv.utalca.cl\/index.php?rest_route=\/wp\/v2\/posts\/14727\/revisions"}],"predecessor-version":[{"id":14728,"href":"https:\/\/tv.utalca.cl\/index.php?rest_route=\/wp\/v2\/posts\/14727\/revisions\/14728"}],"wp:attachment":[{"href":"https:\/\/tv.utalca.cl\/index.php?rest_route=%2Fwp%2Fv2%2Fmedia&parent=14727"}],"wp:term":[{"taxonomy":"category","embeddable":true,"href":"https:\/\/tv.utalca.cl\/index.php?rest_route=%2Fwp%2Fv2%2Fcategories&post=14727"},{"taxonomy":"post_tag","embeddable":true,"href":"https:\/\/tv.utalca.cl\/index.php?rest_route=%2Fwp%2Fv2%2Ftags&post=14727"}],"curies":[{"name":"wp","href":"https:\/\/api.w.org\/{rel}","templated":true}]}}