{"id":14837,"date":"2024-05-17T11:53:35","date_gmt":"2024-05-17T15:53:35","guid":{"rendered":"https:\/\/tv.utalca.cl\/?p=14837"},"modified":"2024-05-17T11:53:35","modified_gmt":"2024-05-17T15:53:35","slug":"agenda-utalca-2","status":"publish","type":"post","link":"https:\/\/tv.utalca.cl\/?p=14837","title":{"rendered":"Agenda UTalca"},"content":{"rendered":"<h2><strong>Esta Semana<\/strong><\/h2>\n<p><span data-contrast=\"auto\"><strong>El jueves 23 de mayo desde las 12 horas<\/strong> se realizar\u00e1 en el Campus Colchagua, la d\u00e9cima versi\u00f3n de la <strong>Fiesta de la Vendimia Universitaria<\/strong>. En el evento los estudiantes de carreras T\u00e9cnicas de Nivel Superior de esta casa de estudios presentar\u00e1n los vinos elaborados como parte de su proceso formativo disciplinar. Los asistentes podr\u00e1n disfrutar adem\u00e1s de una jornada que incluye m\u00fasica, artesan\u00eda y gastronom\u00eda.<\/span><span data-ccp-props=\"{&quot;201341983&quot;:0,&quot;335559739&quot;:160,&quot;335559740&quot;:278}\">\u00a0<\/span><\/p>\n<p><span data-contrast=\"auto\">Este <strong>23 de mayo, pero a las 19:30 horas<\/strong>. La orquesta sinf\u00f3nica y coro de la Universidad de Talca ofrecer\u00e1n un concierto en el Teatro Regional del Maule en el marco del aniversario n\u00famero 282 de la ciudad.<\/span><span data-ccp-props=\"{&quot;201341983&quot;:0,&quot;335559739&quot;:160,&quot;335559740&quot;:278}\">\u00a0<\/span><\/p>\n<p><span data-contrast=\"auto\">Si quieres conocer de m\u00e1s eventos, seminarios o actividades culturales que tiene para ti la Universidad de Talca, visita nuestro portal<\/span><span data-ccp-props=\"{&quot;201341983&quot;:0,&quot;335559739&quot;:160,&quot;335559740&quot;:278}\">\u00a0<\/span><\/p>\n<p class=\"p1\"><a href=\"http:\/\/agenda.utalca.cl\" target=\"_blank\" rel=\"noopener\"><span class=\"s1\">agenda.utalca.cl<\/span><\/a><\/p>\n","protected":false},"excerpt":{"rendered":"<p>Esta Semana El jueves 23 de mayo desde las 12 horas se realizar\u00e1 en el Campus Colchagua, la d\u00e9cima versi\u00f3n de la Fiesta de la Vendimia Universitaria. En el evento los estudiantes de carreras T\u00e9cnicas de Nivel Superior de esta casa de estudios presentar\u00e1n los vinos elaborados como parte de su proceso formativo disciplinar. Los [&hellip;]<\/p>\n","protected":false},"author":1,"featured_media":0,"comment_status":"closed","ping_status":"closed","sticky":false,"template":"","format":"video","meta":{"om_disable_all_campaigns":false,"_monsterinsights_skip_tracking":false,"_monsterinsights_sitenote_active":false,"_monsterinsights_sitenote_note":"","_monsterinsights_sitenote_category":0,"footnotes":""},"categories":[2258,2259],"tags":[2264],"class_list":["post-14837","post","type-post","status-publish","format-video","hentry","category-2258","category-agenda-utalca","tag-agenda-utalca","post_format-post-format-video"],"aioseo_notices":[],"_links":{"self":[{"href":"https:\/\/tv.utalca.cl\/index.php?rest_route=\/wp\/v2\/posts\/14837","targetHints":{"allow":["GET"]}}],"collection":[{"href":"https:\/\/tv.utalca.cl\/index.php?rest_route=\/wp\/v2\/posts"}],"about":[{"href":"https:\/\/tv.utalca.cl\/index.php?rest_route=\/wp\/v2\/types\/post"}],"author":[{"embeddable":true,"href":"https:\/\/tv.utalca.cl\/index.php?rest_route=\/wp\/v2\/users\/1"}],"replies":[{"embeddable":true,"href":"https:\/\/tv.utalca.cl\/index.php?rest_route=%2Fwp%2Fv2%2Fcomments&post=14837"}],"version-history":[{"count":1,"href":"https:\/\/tv.utalca.cl\/index.php?rest_route=\/wp\/v2\/posts\/14837\/revisions"}],"predecessor-version":[{"id":14838,"href":"https:\/\/tv.utalca.cl\/index.php?rest_route=\/wp\/v2\/posts\/14837\/revisions\/14838"}],"wp:attachment":[{"href":"https:\/\/tv.utalca.cl\/index.php?rest_route=%2Fwp%2Fv2%2Fmedia&parent=14837"}],"wp:term":[{"taxonomy":"category","embeddable":true,"href":"https:\/\/tv.utalca.cl\/index.php?rest_route=%2Fwp%2Fv2%2Fcategories&post=14837"},{"taxonomy":"post_tag","embeddable":true,"href":"https:\/\/tv.utalca.cl\/index.php?rest_route=%2Fwp%2Fv2%2Ftags&post=14837"}],"curies":[{"name":"wp","href":"https:\/\/api.w.org\/{rel}","templated":true}]}}