{"id":15487,"date":"2024-07-23T16:36:16","date_gmt":"2024-07-23T20:36:16","guid":{"rendered":"https:\/\/tv.utalca.cl\/?p=15487"},"modified":"2024-07-26T07:57:31","modified_gmt":"2024-07-26T11:57:31","slug":"radioemisoras-de-la-utalca-celebran-49-anos","status":"publish","type":"post","link":"https:\/\/tv.utalca.cl\/?p=15487","title":{"rendered":"Radioemisoras de la UTalca celebran 49 A\u00f1os"},"content":{"rendered":"<p>Durante casi cinco d\u00e9cadas, las piezas cl\u00e1sicas, folcl\u00f3ricas y de jazz han cautivado a la audiencia. Este medio de comunicaci\u00f3n destaca adem\u00e1s por su compromiso con la educaci\u00f3n y la cultura<\/p>\n<p>&nbsp;<\/p>\n<p>&nbsp;<\/p>\n","protected":false},"excerpt":{"rendered":"<p>Durante casi cinco d\u00e9cadas, las piezas cl\u00e1sicas, folcl\u00f3ricas y de jazz han cautivado a la audiencia. Este medio de comunicaci\u00f3n destaca adem\u00e1s por su compromiso con la educaci\u00f3n y la cultura &nbsp; &nbsp;<\/p>\n","protected":false},"author":1,"featured_media":15488,"comment_status":"closed","ping_status":"closed","sticky":false,"template":"","format":"standard","meta":{"om_disable_all_campaigns":false,"_monsterinsights_skip_tracking":false,"_monsterinsights_sitenote_active":false,"_monsterinsights_sitenote_note":"","_monsterinsights_sitenote_category":0,"footnotes":""},"categories":[93,92],"tags":[],"class_list":["post-15487","post","type-post","status-publish","format-standard","has-post-thumbnail","hentry","category-noticias","category-utalcatv-informa","slider-tags-slider","slider-tags-utalcatv-informa"],"aioseo_notices":[],"_links":{"self":[{"href":"https:\/\/tv.utalca.cl\/index.php?rest_route=\/wp\/v2\/posts\/15487","targetHints":{"allow":["GET"]}}],"collection":[{"href":"https:\/\/tv.utalca.cl\/index.php?rest_route=\/wp\/v2\/posts"}],"about":[{"href":"https:\/\/tv.utalca.cl\/index.php?rest_route=\/wp\/v2\/types\/post"}],"author":[{"embeddable":true,"href":"https:\/\/tv.utalca.cl\/index.php?rest_route=\/wp\/v2\/users\/1"}],"replies":[{"embeddable":true,"href":"https:\/\/tv.utalca.cl\/index.php?rest_route=%2Fwp%2Fv2%2Fcomments&post=15487"}],"version-history":[{"count":1,"href":"https:\/\/tv.utalca.cl\/index.php?rest_route=\/wp\/v2\/posts\/15487\/revisions"}],"predecessor-version":[{"id":15489,"href":"https:\/\/tv.utalca.cl\/index.php?rest_route=\/wp\/v2\/posts\/15487\/revisions\/15489"}],"wp:featuredmedia":[{"embeddable":true,"href":"https:\/\/tv.utalca.cl\/index.php?rest_route=\/wp\/v2\/media\/15488"}],"wp:attachment":[{"href":"https:\/\/tv.utalca.cl\/index.php?rest_route=%2Fwp%2Fv2%2Fmedia&parent=15487"}],"wp:term":[{"taxonomy":"category","embeddable":true,"href":"https:\/\/tv.utalca.cl\/index.php?rest_route=%2Fwp%2Fv2%2Fcategories&post=15487"},{"taxonomy":"post_tag","embeddable":true,"href":"https:\/\/tv.utalca.cl\/index.php?rest_route=%2Fwp%2Fv2%2Ftags&post=15487"}],"curies":[{"name":"wp","href":"https:\/\/api.w.org\/{rel}","templated":true}]}}