{"id":15537,"date":"2024-08-05T16:06:10","date_gmt":"2024-08-05T20:06:10","guid":{"rendered":"https:\/\/tv.utalca.cl\/?p=15537"},"modified":"2024-08-05T16:17:03","modified_gmt":"2024-08-05T20:17:03","slug":"utalcatv-informa-29-de-julio","status":"publish","type":"post","link":"https:\/\/tv.utalca.cl\/?p=15537","title":{"rendered":"UTalcaTV Informa 29 de julio"},"content":{"rendered":"<p>La radio de la Universidad de Talca celebra 49 a\u00f1os, destacando su compromiso con la educaci\u00f3n y la cultura. Adem\u00e1s, se aborda el impacto del clima en los precios de alimentos, iniciativas educativas en astronom\u00eda para ni\u00f1os, y la importancia de un curso para tutores cl\u00ednicos en la formaci\u00f3n de estudiantes de salud.<\/p>\n","protected":false},"excerpt":{"rendered":"<p>La radio de la Universidad de Talca celebra 49 a\u00f1os, destacando su compromiso con la educaci\u00f3n y la cultura. Adem\u00e1s, se aborda el impacto del clima en los precios de alimentos, iniciativas educativas en astronom\u00eda para ni\u00f1os, y la importancia de un curso para tutores cl\u00ednicos en la formaci\u00f3n de estudiantes de salud.<\/p>\n","protected":false},"author":1,"featured_media":12289,"comment_status":"closed","ping_status":"closed","sticky":false,"template":"","format":"video","meta":{"om_disable_all_campaigns":false,"_monsterinsights_skip_tracking":false,"_monsterinsights_sitenote_active":false,"_monsterinsights_sitenote_note":"","_monsterinsights_sitenote_category":0,"footnotes":""},"categories":[571,92],"tags":[2184],"class_list":["post-15537","post","type-post","status-publish","format-video","has-post-thumbnail","hentry","category-noticiero","category-utalcatv-informa","tag-noticiero","post_format-post-format-video","slider-tags-utalcatv-informa"],"aioseo_notices":[],"_links":{"self":[{"href":"https:\/\/tv.utalca.cl\/index.php?rest_route=\/wp\/v2\/posts\/15537","targetHints":{"allow":["GET"]}}],"collection":[{"href":"https:\/\/tv.utalca.cl\/index.php?rest_route=\/wp\/v2\/posts"}],"about":[{"href":"https:\/\/tv.utalca.cl\/index.php?rest_route=\/wp\/v2\/types\/post"}],"author":[{"embeddable":true,"href":"https:\/\/tv.utalca.cl\/index.php?rest_route=\/wp\/v2\/users\/1"}],"replies":[{"embeddable":true,"href":"https:\/\/tv.utalca.cl\/index.php?rest_route=%2Fwp%2Fv2%2Fcomments&post=15537"}],"version-history":[{"count":1,"href":"https:\/\/tv.utalca.cl\/index.php?rest_route=\/wp\/v2\/posts\/15537\/revisions"}],"predecessor-version":[{"id":15538,"href":"https:\/\/tv.utalca.cl\/index.php?rest_route=\/wp\/v2\/posts\/15537\/revisions\/15538"}],"wp:featuredmedia":[{"embeddable":true,"href":"https:\/\/tv.utalca.cl\/index.php?rest_route=\/wp\/v2\/media\/12289"}],"wp:attachment":[{"href":"https:\/\/tv.utalca.cl\/index.php?rest_route=%2Fwp%2Fv2%2Fmedia&parent=15537"}],"wp:term":[{"taxonomy":"category","embeddable":true,"href":"https:\/\/tv.utalca.cl\/index.php?rest_route=%2Fwp%2Fv2%2Fcategories&post=15537"},{"taxonomy":"post_tag","embeddable":true,"href":"https:\/\/tv.utalca.cl\/index.php?rest_route=%2Fwp%2Fv2%2Ftags&post=15537"}],"curies":[{"name":"wp","href":"https:\/\/api.w.org\/{rel}","templated":true}]}}