{"id":15622,"date":"2024-08-27T08:06:52","date_gmt":"2024-08-27T12:06:52","guid":{"rendered":"https:\/\/tv.utalca.cl\/?p=15622"},"modified":"2024-08-27T08:06:52","modified_gmt":"2024-08-27T12:06:52","slug":"utalcatv-informa-19-de-agosto-2024","status":"publish","type":"post","link":"https:\/\/tv.utalca.cl\/?p=15622","title":{"rendered":"UTalcaTV Informa 19 de agosto 2024"},"content":{"rendered":"<p>Con el objetivo de investigar la producci\u00f3n y uso de hidr\u00f3geno verde la universidad de Talca adquiri\u00f3 moderno equipo \u00fanico en Latinoam\u00e9rica, la inauguraci\u00f3n que se realiz\u00f3 en el campus Curic\u00f3.<\/p>\n<p>Se realiz\u00f3 en la Universidad de Talca la final regional del torneo de debate escolar &#8220;Delibera&#8221;, donde estudiantes presentaron propuestas legislativas, fomentando valores democr\u00e1ticos y habilidades de investigaci\u00f3n.<\/p>\n<p>La Universidad de Talca celebr\u00f3 el D\u00eda de las Infancias en la Galer\u00eda de Arte Nuga, con actividades art\u00edsticas interactivas para familias, como parte de un proyecto educativo enfocado en la educaci\u00f3n art\u00edstica y el compromiso comunitario.<\/p>\n","protected":false},"excerpt":{"rendered":"<p>Con el objetivo de investigar la producci\u00f3n y uso de hidr\u00f3geno verde la universidad de Talca adquiri\u00f3 moderno equipo \u00fanico en Latinoam\u00e9rica, la inauguraci\u00f3n que se realiz\u00f3 en el campus Curic\u00f3. Se realiz\u00f3 en la Universidad de Talca la final regional del torneo de debate escolar &#8220;Delibera&#8221;, donde estudiantes presentaron propuestas legislativas, fomentando valores democr\u00e1ticos [&hellip;]<\/p>\n","protected":false},"author":1,"featured_media":12289,"comment_status":"closed","ping_status":"closed","sticky":false,"template":"","format":"video","meta":{"om_disable_all_campaigns":false,"_monsterinsights_skip_tracking":false,"_monsterinsights_sitenote_active":false,"_monsterinsights_sitenote_note":"","_monsterinsights_sitenote_category":0,"footnotes":""},"categories":[571,92],"tags":[2184],"class_list":["post-15622","post","type-post","status-publish","format-video","has-post-thumbnail","hentry","category-noticiero","category-utalcatv-informa","tag-noticiero","post_format-post-format-video","slider-tags-utalcatv-informa"],"aioseo_notices":[],"_links":{"self":[{"href":"https:\/\/tv.utalca.cl\/index.php?rest_route=\/wp\/v2\/posts\/15622","targetHints":{"allow":["GET"]}}],"collection":[{"href":"https:\/\/tv.utalca.cl\/index.php?rest_route=\/wp\/v2\/posts"}],"about":[{"href":"https:\/\/tv.utalca.cl\/index.php?rest_route=\/wp\/v2\/types\/post"}],"author":[{"embeddable":true,"href":"https:\/\/tv.utalca.cl\/index.php?rest_route=\/wp\/v2\/users\/1"}],"replies":[{"embeddable":true,"href":"https:\/\/tv.utalca.cl\/index.php?rest_route=%2Fwp%2Fv2%2Fcomments&post=15622"}],"version-history":[{"count":2,"href":"https:\/\/tv.utalca.cl\/index.php?rest_route=\/wp\/v2\/posts\/15622\/revisions"}],"predecessor-version":[{"id":15624,"href":"https:\/\/tv.utalca.cl\/index.php?rest_route=\/wp\/v2\/posts\/15622\/revisions\/15624"}],"wp:featuredmedia":[{"embeddable":true,"href":"https:\/\/tv.utalca.cl\/index.php?rest_route=\/wp\/v2\/media\/12289"}],"wp:attachment":[{"href":"https:\/\/tv.utalca.cl\/index.php?rest_route=%2Fwp%2Fv2%2Fmedia&parent=15622"}],"wp:term":[{"taxonomy":"category","embeddable":true,"href":"https:\/\/tv.utalca.cl\/index.php?rest_route=%2Fwp%2Fv2%2Fcategories&post=15622"},{"taxonomy":"post_tag","embeddable":true,"href":"https:\/\/tv.utalca.cl\/index.php?rest_route=%2Fwp%2Fv2%2Ftags&post=15622"}],"curies":[{"name":"wp","href":"https:\/\/api.w.org\/{rel}","templated":true}]}}