{"id":15874,"date":"2024-09-12T15:35:00","date_gmt":"2024-09-12T18:35:00","guid":{"rendered":"https:\/\/tv.utalca.cl\/?p=15874"},"modified":"2025-06-02T09:05:57","modified_gmt":"2025-06-02T13:05:57","slug":"arquitecturas-del-territorio-talca-la-ciudad-del-completo","status":"publish","type":"post","link":"https:\/\/tv.utalca.cl\/?p=15874","title":{"rendered":"Arquitecturas del Territorio: Talca la ciudad del completo"},"content":{"rendered":"<p>En este cap\u00edtulo, conoceremos el trabajo de Javiera Rojas y Victoria Oyarz\u00fan, arquitectas de la UTalca. Las j\u00f3venes exploraron los or\u00edgenes del completo talquino y su singular preparaci\u00f3n a ba\u00f1o mar\u00eda, rescatando aspectos hist\u00f3ricos, sociales y arquitect\u00f3nicos que destacan la importancia de este plato en la identidad local. Su iniciativa culmin\u00f3 con el montaje del completo m\u00e1s largo del mundo en la Plaza Las Heras.<\/p>\n","protected":false},"excerpt":{"rendered":"<p>En este cap\u00edtulo, conoceremos el trabajo de Javiera Rojas y Victoria Oyarz\u00fan, arquitectas de la UTalca. Las j\u00f3venes exploraron los or\u00edgenes del completo talquino y su singular preparaci\u00f3n a ba\u00f1o mar\u00eda, rescatando aspectos hist\u00f3ricos, sociales y arquitect\u00f3nicos que destacan la importancia de este plato en la identidad local. Su iniciativa culmin\u00f3 con el montaje del [&hellip;]<\/p>\n","protected":false},"author":1,"featured_media":15875,"comment_status":"closed","ping_status":"open","sticky":false,"template":"","format":"video","meta":{"om_disable_all_campaigns":false,"_monsterinsights_skip_tracking":false,"_monsterinsights_sitenote_active":false,"_monsterinsights_sitenote_note":"","_monsterinsights_sitenote_category":0,"footnotes":""},"categories":[2119,112,2192],"tags":[2304],"class_list":["post-15874","post","type-post","status-publish","format-video","has-post-thumbnail","hentry","category-arquitecturas-del-territorio","category-programa","category-temporada-2","tag-completos","post_format-post-format-video","slider-tags-arquitecturas-del-territorio","slider-tags-slider"],"aioseo_notices":[],"_links":{"self":[{"href":"https:\/\/tv.utalca.cl\/index.php?rest_route=\/wp\/v2\/posts\/15874","targetHints":{"allow":["GET"]}}],"collection":[{"href":"https:\/\/tv.utalca.cl\/index.php?rest_route=\/wp\/v2\/posts"}],"about":[{"href":"https:\/\/tv.utalca.cl\/index.php?rest_route=\/wp\/v2\/types\/post"}],"author":[{"embeddable":true,"href":"https:\/\/tv.utalca.cl\/index.php?rest_route=\/wp\/v2\/users\/1"}],"replies":[{"embeddable":true,"href":"https:\/\/tv.utalca.cl\/index.php?rest_route=%2Fwp%2Fv2%2Fcomments&post=15874"}],"version-history":[{"count":1,"href":"https:\/\/tv.utalca.cl\/index.php?rest_route=\/wp\/v2\/posts\/15874\/revisions"}],"predecessor-version":[{"id":15876,"href":"https:\/\/tv.utalca.cl\/index.php?rest_route=\/wp\/v2\/posts\/15874\/revisions\/15876"}],"wp:featuredmedia":[{"embeddable":true,"href":"https:\/\/tv.utalca.cl\/index.php?rest_route=\/wp\/v2\/media\/15875"}],"wp:attachment":[{"href":"https:\/\/tv.utalca.cl\/index.php?rest_route=%2Fwp%2Fv2%2Fmedia&parent=15874"}],"wp:term":[{"taxonomy":"category","embeddable":true,"href":"https:\/\/tv.utalca.cl\/index.php?rest_route=%2Fwp%2Fv2%2Fcategories&post=15874"},{"taxonomy":"post_tag","embeddable":true,"href":"https:\/\/tv.utalca.cl\/index.php?rest_route=%2Fwp%2Fv2%2Ftags&post=15874"}],"curies":[{"name":"wp","href":"https:\/\/api.w.org\/{rel}","templated":true}]}}