{"id":15906,"date":"2024-09-25T13:01:52","date_gmt":"2024-09-25T16:01:52","guid":{"rendered":"https:\/\/tv.utalca.cl\/?p=15906"},"modified":"2025-06-02T09:05:57","modified_gmt":"2025-06-02T13:05:57","slug":"arquitecturas-del-territorio-estancia-transitoria-y-estancia-en-petrel","status":"publish","type":"post","link":"https:\/\/tv.utalca.cl\/?p=15906","title":{"rendered":"Arquitecturas del Territorio: Estancia Transitoria y Estancia en Petrel"},"content":{"rendered":"<p>En este cap\u00edtulo conoceremos los proyectos de Diego Gonz\u00e1lez y Mar\u00eda Paz Mu\u00f1oz, quienes desarrollaron sus obras con el objetivo de revalorizar el borde del humedal de Pichilemu y as\u00ed visibilizar la ruta que conecta el centro con el sector residencial de la comuna.<\/p>\n","protected":false},"excerpt":{"rendered":"<p>En este cap\u00edtulo conoceremos los proyectos de Diego Gonz\u00e1lez y Mar\u00eda Paz Mu\u00f1oz, quienes desarrollaron sus obras con el objetivo de revalorizar el borde del humedal de Pichilemu y as\u00ed visibilizar la ruta que conecta el centro con el sector residencial de la comuna.<\/p>\n","protected":false},"author":1,"featured_media":15907,"comment_status":"closed","ping_status":"open","sticky":false,"template":"","format":"video","meta":{"om_disable_all_campaigns":false,"_monsterinsights_skip_tracking":false,"_monsterinsights_sitenote_active":false,"_monsterinsights_sitenote_note":"","_monsterinsights_sitenote_category":0,"footnotes":""},"categories":[2119,112,2192],"tags":[],"class_list":["post-15906","post","type-post","status-publish","format-video","has-post-thumbnail","hentry","category-arquitecturas-del-territorio","category-programa","category-temporada-2","post_format-post-format-video","slider-tags-arquitecturas-del-territorio"],"aioseo_notices":[],"_links":{"self":[{"href":"https:\/\/tv.utalca.cl\/index.php?rest_route=\/wp\/v2\/posts\/15906","targetHints":{"allow":["GET"]}}],"collection":[{"href":"https:\/\/tv.utalca.cl\/index.php?rest_route=\/wp\/v2\/posts"}],"about":[{"href":"https:\/\/tv.utalca.cl\/index.php?rest_route=\/wp\/v2\/types\/post"}],"author":[{"embeddable":true,"href":"https:\/\/tv.utalca.cl\/index.php?rest_route=\/wp\/v2\/users\/1"}],"replies":[{"embeddable":true,"href":"https:\/\/tv.utalca.cl\/index.php?rest_route=%2Fwp%2Fv2%2Fcomments&post=15906"}],"version-history":[{"count":1,"href":"https:\/\/tv.utalca.cl\/index.php?rest_route=\/wp\/v2\/posts\/15906\/revisions"}],"predecessor-version":[{"id":15908,"href":"https:\/\/tv.utalca.cl\/index.php?rest_route=\/wp\/v2\/posts\/15906\/revisions\/15908"}],"wp:featuredmedia":[{"embeddable":true,"href":"https:\/\/tv.utalca.cl\/index.php?rest_route=\/wp\/v2\/media\/15907"}],"wp:attachment":[{"href":"https:\/\/tv.utalca.cl\/index.php?rest_route=%2Fwp%2Fv2%2Fmedia&parent=15906"}],"wp:term":[{"taxonomy":"category","embeddable":true,"href":"https:\/\/tv.utalca.cl\/index.php?rest_route=%2Fwp%2Fv2%2Fcategories&post=15906"},{"taxonomy":"post_tag","embeddable":true,"href":"https:\/\/tv.utalca.cl\/index.php?rest_route=%2Fwp%2Fv2%2Ftags&post=15906"}],"curies":[{"name":"wp","href":"https:\/\/api.w.org\/{rel}","templated":true}]}}