{"id":15921,"date":"2024-09-27T16:12:49","date_gmt":"2024-09-27T19:12:49","guid":{"rendered":"https:\/\/tv.utalca.cl\/?p=15921"},"modified":"2024-10-07T11:57:54","modified_gmt":"2024-10-07T14:57:54","slug":"laboratorio-cientifico-movil-de-la-utalca-inaugura-festival-de-las-ciencias-en-la-moneda","status":"publish","type":"post","link":"https:\/\/tv.utalca.cl\/?p=15921","title":{"rendered":"Laboratorio cient\u00edfico m\u00f3vil de la UTalca inaugura Festival de las Ciencias en La Moneda"},"content":{"rendered":"<p><span style=\"font-weight: 400;\">El TruckLab tuvo una participaci\u00f3n especial en el evento organizado por el Ministerio de Ciencia, Tecnolog\u00eda, Conocimiento e Innovaci\u00f3n, destac\u00e1ndose por su labor en divulgaci\u00f3n cient\u00edfica. <\/span><\/p>\n","protected":false},"excerpt":{"rendered":"<p>El TruckLab tuvo una participaci\u00f3n especial en el evento organizado por el Ministerio de Ciencia, Tecnolog\u00eda, Conocimiento e Innovaci\u00f3n, destac\u00e1ndose por su labor en divulgaci\u00f3n cient\u00edfica.<\/p>\n","protected":false},"author":1,"featured_media":15922,"comment_status":"open","ping_status":"open","sticky":false,"template":"","format":"video","meta":{"om_disable_all_campaigns":false,"_monsterinsights_skip_tracking":false,"_monsterinsights_sitenote_active":false,"_monsterinsights_sitenote_note":"","_monsterinsights_sitenote_category":0,"footnotes":""},"categories":[93,1,92],"tags":[2304],"class_list":["post-15921","post","type-post","status-publish","format-video","has-post-thumbnail","hentry","category-noticias","category-uncategorized","category-utalcatv-informa","tag-completos","post_format-post-format-video","slider-tags-slider","slider-tags-utalcatv-informa"],"aioseo_notices":[],"_links":{"self":[{"href":"https:\/\/tv.utalca.cl\/index.php?rest_route=\/wp\/v2\/posts\/15921","targetHints":{"allow":["GET"]}}],"collection":[{"href":"https:\/\/tv.utalca.cl\/index.php?rest_route=\/wp\/v2\/posts"}],"about":[{"href":"https:\/\/tv.utalca.cl\/index.php?rest_route=\/wp\/v2\/types\/post"}],"author":[{"embeddable":true,"href":"https:\/\/tv.utalca.cl\/index.php?rest_route=\/wp\/v2\/users\/1"}],"replies":[{"embeddable":true,"href":"https:\/\/tv.utalca.cl\/index.php?rest_route=%2Fwp%2Fv2%2Fcomments&post=15921"}],"version-history":[{"count":1,"href":"https:\/\/tv.utalca.cl\/index.php?rest_route=\/wp\/v2\/posts\/15921\/revisions"}],"predecessor-version":[{"id":15923,"href":"https:\/\/tv.utalca.cl\/index.php?rest_route=\/wp\/v2\/posts\/15921\/revisions\/15923"}],"wp:featuredmedia":[{"embeddable":true,"href":"https:\/\/tv.utalca.cl\/index.php?rest_route=\/wp\/v2\/media\/15922"}],"wp:attachment":[{"href":"https:\/\/tv.utalca.cl\/index.php?rest_route=%2Fwp%2Fv2%2Fmedia&parent=15921"}],"wp:term":[{"taxonomy":"category","embeddable":true,"href":"https:\/\/tv.utalca.cl\/index.php?rest_route=%2Fwp%2Fv2%2Fcategories&post=15921"},{"taxonomy":"post_tag","embeddable":true,"href":"https:\/\/tv.utalca.cl\/index.php?rest_route=%2Fwp%2Fv2%2Ftags&post=15921"}],"curies":[{"name":"wp","href":"https:\/\/api.w.org\/{rel}","templated":true}]}}