{"id":15937,"date":"2024-09-30T16:33:51","date_gmt":"2024-09-30T19:33:51","guid":{"rendered":"https:\/\/tv.utalca.cl\/?p=15937"},"modified":"2025-10-27T08:31:49","modified_gmt":"2025-10-27T11:31:49","slug":"codigo-claro-justicia-en-primera-linea","status":"publish","type":"post","link":"https:\/\/tv.utalca.cl\/?p=15937","title":{"rendered":"C\u00f3digo Claro &#8220;Justicia en primera l\u00ednea&#8221;"},"content":{"rendered":"<p><strong>C\u00f3digo Claro\u00a0 &#8211; Justicia en primera l\u00ednea<\/strong><\/p>\n<p>Los juzgados de polic\u00eda local en Chile enfrentan desaf\u00edos significativos, como la falta de recursos y procedimientos obsoletos. Se discuten propuestas para modernizar la justicia de primera l\u00ednea, mejorar la capacitaci\u00f3n de jueces y facilitar el acceso a la justicia, especialmente en \u00e1reas rurales, donde la ciudadan\u00eda enfrenta mayores dificultades.<\/p>\n","protected":false},"excerpt":{"rendered":"<p>C\u00f3digo Claro\u00a0 &#8211; Justicia en primera l\u00ednea Los juzgados de polic\u00eda local en Chile enfrentan desaf\u00edos significativos, como la falta de recursos y procedimientos obsoletos. Se discuten propuestas para modernizar la justicia de primera l\u00ednea, mejorar la capacitaci\u00f3n de jueces y facilitar el acceso a la justicia, especialmente en \u00e1reas rurales, donde la ciudadan\u00eda enfrenta [&hellip;]<\/p>\n","protected":false},"author":1,"featured_media":15938,"comment_status":"closed","ping_status":"closed","sticky":false,"template":"","format":"video","meta":{"om_disable_all_campaigns":false,"_monsterinsights_skip_tracking":false,"_monsterinsights_sitenote_active":false,"_monsterinsights_sitenote_note":"","_monsterinsights_sitenote_category":0,"footnotes":""},"categories":[2301,112,2265],"tags":[2335],"class_list":["post-15937","post","type-post","status-publish","format-video","has-post-thumbnail","hentry","category-codigo-claro","category-programa","category-temporada1","tag-codigo-claro","post_format-post-format-video","slider-tags-codigo-claro"],"aioseo_notices":[],"_links":{"self":[{"href":"https:\/\/tv.utalca.cl\/index.php?rest_route=\/wp\/v2\/posts\/15937","targetHints":{"allow":["GET"]}}],"collection":[{"href":"https:\/\/tv.utalca.cl\/index.php?rest_route=\/wp\/v2\/posts"}],"about":[{"href":"https:\/\/tv.utalca.cl\/index.php?rest_route=\/wp\/v2\/types\/post"}],"author":[{"embeddable":true,"href":"https:\/\/tv.utalca.cl\/index.php?rest_route=\/wp\/v2\/users\/1"}],"replies":[{"embeddable":true,"href":"https:\/\/tv.utalca.cl\/index.php?rest_route=%2Fwp%2Fv2%2Fcomments&post=15937"}],"version-history":[{"count":1,"href":"https:\/\/tv.utalca.cl\/index.php?rest_route=\/wp\/v2\/posts\/15937\/revisions"}],"predecessor-version":[{"id":15939,"href":"https:\/\/tv.utalca.cl\/index.php?rest_route=\/wp\/v2\/posts\/15937\/revisions\/15939"}],"wp:featuredmedia":[{"embeddable":true,"href":"https:\/\/tv.utalca.cl\/index.php?rest_route=\/wp\/v2\/media\/15938"}],"wp:attachment":[{"href":"https:\/\/tv.utalca.cl\/index.php?rest_route=%2Fwp%2Fv2%2Fmedia&parent=15937"}],"wp:term":[{"taxonomy":"category","embeddable":true,"href":"https:\/\/tv.utalca.cl\/index.php?rest_route=%2Fwp%2Fv2%2Fcategories&post=15937"},{"taxonomy":"post_tag","embeddable":true,"href":"https:\/\/tv.utalca.cl\/index.php?rest_route=%2Fwp%2Fv2%2Ftags&post=15937"}],"curies":[{"name":"wp","href":"https:\/\/api.w.org\/{rel}","templated":true}]}}