{"id":15940,"date":"2024-09-30T16:40:57","date_gmt":"2024-09-30T19:40:57","guid":{"rendered":"https:\/\/tv.utalca.cl\/?p=15940"},"modified":"2025-10-27T08:31:49","modified_gmt":"2025-10-27T11:31:49","slug":"codigo-claro-y-veras-como-quieren-en-chile-al-amigo-cuando-es-extranjero","status":"publish","type":"post","link":"https:\/\/tv.utalca.cl\/?p=15940","title":{"rendered":"C\u00f3digo Claro &#8220;Y vera\u0301s como quieren en Chile al Amigo Cuando Es Extranjero&#8221;"},"content":{"rendered":"<p><strong>C\u00f3digo Claro\u00a0 &#8211; &#8220;Y vera\u0301s como quieren en Chile al Amigo Cuando Es Extranjero&#8221;<\/strong><\/p>\n<p>Se discute la inmigraci\u00f3n en Chile, abordando prejuicios, mitos y la realidad de los inmigrantes. Se resalta que, aunque enfrentan desaf\u00edos, aportan significativamente a la econom\u00eda y cultura del pa\u00eds. La conversaci\u00f3n incluye la necesidad de integrar a los migrantes y la importancia de reconocer sus derechos y contribuciones.<\/p>\n","protected":false},"excerpt":{"rendered":"<p>C\u00f3digo Claro\u00a0 &#8211; &#8220;Y vera\u0301s como quieren en Chile al Amigo Cuando Es Extranjero&#8221; Se discute la inmigraci\u00f3n en Chile, abordando prejuicios, mitos y la realidad de los inmigrantes. Se resalta que, aunque enfrentan desaf\u00edos, aportan significativamente a la econom\u00eda y cultura del pa\u00eds. La conversaci\u00f3n incluye la necesidad de integrar a los migrantes y [&hellip;]<\/p>\n","protected":false},"author":1,"featured_media":15941,"comment_status":"closed","ping_status":"closed","sticky":false,"template":"","format":"video","meta":{"om_disable_all_campaigns":false,"_monsterinsights_skip_tracking":false,"_monsterinsights_sitenote_active":false,"_monsterinsights_sitenote_note":"","_monsterinsights_sitenote_category":0,"footnotes":""},"categories":[2301,2295,112,2265],"tags":[2335],"class_list":["post-15940","post","type-post","status-publish","format-video","has-post-thumbnail","hentry","category-codigo-claro","category-estreno","category-programa","category-temporada1","tag-codigo-claro","post_format-post-format-video","slider-tags-codigo-claro"],"aioseo_notices":[],"_links":{"self":[{"href":"https:\/\/tv.utalca.cl\/index.php?rest_route=\/wp\/v2\/posts\/15940","targetHints":{"allow":["GET"]}}],"collection":[{"href":"https:\/\/tv.utalca.cl\/index.php?rest_route=\/wp\/v2\/posts"}],"about":[{"href":"https:\/\/tv.utalca.cl\/index.php?rest_route=\/wp\/v2\/types\/post"}],"author":[{"embeddable":true,"href":"https:\/\/tv.utalca.cl\/index.php?rest_route=\/wp\/v2\/users\/1"}],"replies":[{"embeddable":true,"href":"https:\/\/tv.utalca.cl\/index.php?rest_route=%2Fwp%2Fv2%2Fcomments&post=15940"}],"version-history":[{"count":1,"href":"https:\/\/tv.utalca.cl\/index.php?rest_route=\/wp\/v2\/posts\/15940\/revisions"}],"predecessor-version":[{"id":15942,"href":"https:\/\/tv.utalca.cl\/index.php?rest_route=\/wp\/v2\/posts\/15940\/revisions\/15942"}],"wp:featuredmedia":[{"embeddable":true,"href":"https:\/\/tv.utalca.cl\/index.php?rest_route=\/wp\/v2\/media\/15941"}],"wp:attachment":[{"href":"https:\/\/tv.utalca.cl\/index.php?rest_route=%2Fwp%2Fv2%2Fmedia&parent=15940"}],"wp:term":[{"taxonomy":"category","embeddable":true,"href":"https:\/\/tv.utalca.cl\/index.php?rest_route=%2Fwp%2Fv2%2Fcategories&post=15940"},{"taxonomy":"post_tag","embeddable":true,"href":"https:\/\/tv.utalca.cl\/index.php?rest_route=%2Fwp%2Fv2%2Ftags&post=15940"}],"curies":[{"name":"wp","href":"https:\/\/api.w.org\/{rel}","templated":true}]}}