{"id":16250,"date":"2024-10-25T15:21:02","date_gmt":"2024-10-25T18:21:02","guid":{"rendered":"https:\/\/tv.utalca.cl\/?p=16250"},"modified":"2024-11-05T07:37:05","modified_gmt":"2024-11-05T10:37:05","slug":"camino-a-la-cop29-delegacion-utalina-visito-el-ministerio-de-relaciones-exteriores","status":"publish","type":"post","link":"https:\/\/tv.utalca.cl\/?p=16250","title":{"rendered":"Camino a la COP29, delegaci\u00f3n utalina visit\u00f3 el Ministerio de Relaciones Exteriores"},"content":{"rendered":"<p>Equipo de la UTalca que asistir\u00e1 a la conferencia sobre el cambio clim\u00e1tico m\u00e1s importante del mundo, se reuni\u00f3 con la subsecretaria de Relaciones Exteriores, Gloria de la Fuente,\u00a0 para afinar los \u00faltimos detalles previos al viaje.<\/p>\n","protected":false},"excerpt":{"rendered":"<p>Equipo de la UTalca que asistir\u00e1 a la conferencia sobre el cambio clim\u00e1tico m\u00e1s importante del mundo, se reuni\u00f3 con la subsecretaria de Relaciones Exteriores, Gloria de la Fuente,\u00a0 para afinar los \u00faltimos detalles previos al viaje.<\/p>\n","protected":false},"author":1,"featured_media":16251,"comment_status":"closed","ping_status":"closed","sticky":false,"template":"","format":"video","meta":{"om_disable_all_campaigns":false,"_monsterinsights_skip_tracking":false,"_monsterinsights_sitenote_active":false,"_monsterinsights_sitenote_note":"","_monsterinsights_sitenote_category":0,"footnotes":""},"categories":[93,92],"tags":[],"class_list":["post-16250","post","type-post","status-publish","format-video","has-post-thumbnail","hentry","category-noticias","category-utalcatv-informa","post_format-post-format-video","slider-tags-slider","slider-tags-utalcatv-informa"],"aioseo_notices":[],"_links":{"self":[{"href":"https:\/\/tv.utalca.cl\/index.php?rest_route=\/wp\/v2\/posts\/16250","targetHints":{"allow":["GET"]}}],"collection":[{"href":"https:\/\/tv.utalca.cl\/index.php?rest_route=\/wp\/v2\/posts"}],"about":[{"href":"https:\/\/tv.utalca.cl\/index.php?rest_route=\/wp\/v2\/types\/post"}],"author":[{"embeddable":true,"href":"https:\/\/tv.utalca.cl\/index.php?rest_route=\/wp\/v2\/users\/1"}],"replies":[{"embeddable":true,"href":"https:\/\/tv.utalca.cl\/index.php?rest_route=%2Fwp%2Fv2%2Fcomments&post=16250"}],"version-history":[{"count":3,"href":"https:\/\/tv.utalca.cl\/index.php?rest_route=\/wp\/v2\/posts\/16250\/revisions"}],"predecessor-version":[{"id":16254,"href":"https:\/\/tv.utalca.cl\/index.php?rest_route=\/wp\/v2\/posts\/16250\/revisions\/16254"}],"wp:featuredmedia":[{"embeddable":true,"href":"https:\/\/tv.utalca.cl\/index.php?rest_route=\/wp\/v2\/media\/16251"}],"wp:attachment":[{"href":"https:\/\/tv.utalca.cl\/index.php?rest_route=%2Fwp%2Fv2%2Fmedia&parent=16250"}],"wp:term":[{"taxonomy":"category","embeddable":true,"href":"https:\/\/tv.utalca.cl\/index.php?rest_route=%2Fwp%2Fv2%2Fcategories&post=16250"},{"taxonomy":"post_tag","embeddable":true,"href":"https:\/\/tv.utalca.cl\/index.php?rest_route=%2Fwp%2Fv2%2Ftags&post=16250"}],"curies":[{"name":"wp","href":"https:\/\/api.w.org\/{rel}","templated":true}]}}