{"id":16255,"date":"2024-10-25T16:27:03","date_gmt":"2024-10-25T19:27:03","guid":{"rendered":"https:\/\/tv.utalca.cl\/?p=16255"},"modified":"2024-11-05T07:36:47","modified_gmt":"2024-11-05T10:36:47","slug":"universidad-de-talca-celebro-sus-43-anos-de-formacion","status":"publish","type":"post","link":"https:\/\/tv.utalca.cl\/?p=16255","title":{"rendered":"Universidad de Talca celebr\u00f3 sus 43 a\u00f1os de formaci\u00f3n"},"content":{"rendered":"<p>En una ceremonia que estuvo cargada de emociones, el Rector Carlos Torres Fuchslocher dio cuenta de los avances de la Casa de Estudios e hizo entrega de la Medalla Abate Molina a Adriana Vald\u00e9s Budge, adem\u00e1s de reconocimientos a funcionarias, y funcionarios por sus a\u00f1os de labor.<\/p>\n","protected":false},"excerpt":{"rendered":"<p>En una ceremonia que estuvo cargada de emociones, el Rector Carlos Torres Fuchslocher dio cuenta de los avances de la Casa de Estudios e hizo entrega de la Medalla Abate Molina a Adriana Vald\u00e9s Budge, adem\u00e1s de reconocimientos a funcionarias, y funcionarios por sus a\u00f1os de labor.<\/p>\n","protected":false},"author":1,"featured_media":16256,"comment_status":"closed","ping_status":"closed","sticky":false,"template":"","format":"video","meta":{"om_disable_all_campaigns":false,"_monsterinsights_skip_tracking":false,"_monsterinsights_sitenote_active":false,"_monsterinsights_sitenote_note":"","_monsterinsights_sitenote_category":0,"footnotes":""},"categories":[93,92],"tags":[],"class_list":["post-16255","post","type-post","status-publish","format-video","has-post-thumbnail","hentry","category-noticias","category-utalcatv-informa","post_format-post-format-video","slider-tags-slider","slider-tags-utalcatv-informa"],"aioseo_notices":[],"_links":{"self":[{"href":"https:\/\/tv.utalca.cl\/index.php?rest_route=\/wp\/v2\/posts\/16255","targetHints":{"allow":["GET"]}}],"collection":[{"href":"https:\/\/tv.utalca.cl\/index.php?rest_route=\/wp\/v2\/posts"}],"about":[{"href":"https:\/\/tv.utalca.cl\/index.php?rest_route=\/wp\/v2\/types\/post"}],"author":[{"embeddable":true,"href":"https:\/\/tv.utalca.cl\/index.php?rest_route=\/wp\/v2\/users\/1"}],"replies":[{"embeddable":true,"href":"https:\/\/tv.utalca.cl\/index.php?rest_route=%2Fwp%2Fv2%2Fcomments&post=16255"}],"version-history":[{"count":1,"href":"https:\/\/tv.utalca.cl\/index.php?rest_route=\/wp\/v2\/posts\/16255\/revisions"}],"predecessor-version":[{"id":16257,"href":"https:\/\/tv.utalca.cl\/index.php?rest_route=\/wp\/v2\/posts\/16255\/revisions\/16257"}],"wp:featuredmedia":[{"embeddable":true,"href":"https:\/\/tv.utalca.cl\/index.php?rest_route=\/wp\/v2\/media\/16256"}],"wp:attachment":[{"href":"https:\/\/tv.utalca.cl\/index.php?rest_route=%2Fwp%2Fv2%2Fmedia&parent=16255"}],"wp:term":[{"taxonomy":"category","embeddable":true,"href":"https:\/\/tv.utalca.cl\/index.php?rest_route=%2Fwp%2Fv2%2Fcategories&post=16255"},{"taxonomy":"post_tag","embeddable":true,"href":"https:\/\/tv.utalca.cl\/index.php?rest_route=%2Fwp%2Fv2%2Ftags&post=16255"}],"curies":[{"name":"wp","href":"https:\/\/api.w.org\/{rel}","templated":true}]}}