{"id":16302,"date":"2024-11-04T17:02:36","date_gmt":"2024-11-04T20:02:36","guid":{"rendered":"https:\/\/tv.utalca.cl\/?p=16302"},"modified":"2024-11-05T07:31:58","modified_gmt":"2024-11-05T10:31:58","slug":"facultad-de-cs-juridicas-y-sociales-de-la-utalca-conmemora-32-anos-de-historia","status":"publish","type":"post","link":"https:\/\/tv.utalca.cl\/?p=16302","title":{"rendered":"Facultad de CS. Jur\u00eddicas y Sociales de la UTalca conmemora 32 a\u00f1os de historia"},"content":{"rendered":"<p>Revisa m\u00e1s informaciones en la siguiente s\u00edntesis, que incluye la acreditaci\u00f3n por cinco a\u00f1os del Mag\u00edster en Gesti\u00f3n y Pol\u00edticas P\u00fablicas de la Casa de Estudios.<\/p>\n","protected":false},"excerpt":{"rendered":"<p>Revisa m\u00e1s informaciones en la siguiente s\u00edntesis, que incluye la acreditaci\u00f3n por cinco a\u00f1os del Mag\u00edster en Gesti\u00f3n y Pol\u00edticas P\u00fablicas de la Casa de Estudios.<\/p>\n","protected":false},"author":1,"featured_media":16304,"comment_status":"open","ping_status":"open","sticky":false,"template":"","format":"video","meta":{"om_disable_all_campaigns":false,"_monsterinsights_skip_tracking":false,"_monsterinsights_sitenote_active":false,"_monsterinsights_sitenote_note":"","_monsterinsights_sitenote_category":0,"footnotes":""},"categories":[93,92],"tags":[],"class_list":["post-16302","post","type-post","status-publish","format-video","has-post-thumbnail","hentry","category-noticias","category-utalcatv-informa","post_format-post-format-video","slider-tags-slider","slider-tags-utalcatv-informa"],"aioseo_notices":[],"_links":{"self":[{"href":"https:\/\/tv.utalca.cl\/index.php?rest_route=\/wp\/v2\/posts\/16302","targetHints":{"allow":["GET"]}}],"collection":[{"href":"https:\/\/tv.utalca.cl\/index.php?rest_route=\/wp\/v2\/posts"}],"about":[{"href":"https:\/\/tv.utalca.cl\/index.php?rest_route=\/wp\/v2\/types\/post"}],"author":[{"embeddable":true,"href":"https:\/\/tv.utalca.cl\/index.php?rest_route=\/wp\/v2\/users\/1"}],"replies":[{"embeddable":true,"href":"https:\/\/tv.utalca.cl\/index.php?rest_route=%2Fwp%2Fv2%2Fcomments&post=16302"}],"version-history":[{"count":1,"href":"https:\/\/tv.utalca.cl\/index.php?rest_route=\/wp\/v2\/posts\/16302\/revisions"}],"predecessor-version":[{"id":16305,"href":"https:\/\/tv.utalca.cl\/index.php?rest_route=\/wp\/v2\/posts\/16302\/revisions\/16305"}],"wp:featuredmedia":[{"embeddable":true,"href":"https:\/\/tv.utalca.cl\/index.php?rest_route=\/wp\/v2\/media\/16304"}],"wp:attachment":[{"href":"https:\/\/tv.utalca.cl\/index.php?rest_route=%2Fwp%2Fv2%2Fmedia&parent=16302"}],"wp:term":[{"taxonomy":"category","embeddable":true,"href":"https:\/\/tv.utalca.cl\/index.php?rest_route=%2Fwp%2Fv2%2Fcategories&post=16302"},{"taxonomy":"post_tag","embeddable":true,"href":"https:\/\/tv.utalca.cl\/index.php?rest_route=%2Fwp%2Fv2%2Ftags&post=16302"}],"curies":[{"name":"wp","href":"https:\/\/api.w.org\/{rel}","templated":true}]}}