{"id":16327,"date":"2024-11-08T16:55:58","date_gmt":"2024-11-08T19:55:58","guid":{"rendered":"https:\/\/tv.utalca.cl\/?p=16327"},"modified":"2024-11-11T12:16:41","modified_gmt":"2024-11-11T15:16:41","slug":"utalca-y-ministerio-de-las-esculturas-firman-convenio-y-anuncian-construccion-centro-cecrea","status":"publish","type":"post","link":"https:\/\/tv.utalca.cl\/?p=16327","title":{"rendered":"UTalca y Ministerio de las Culturas firman convenio y anuncian construcci\u00f3n centro Cecrea"},"content":{"rendered":"<p>La ministra de las Culturas, Carolina Arredondo, visit\u00f3 el Campus Linares de la Universidad de Talca, que albergar\u00e1 este proyecto pionero en la zona. La iniciativa busca fomentar las capacidades creativas de ni\u00f1as, ni\u00f1os y adolescentes.<\/p>\n","protected":false},"excerpt":{"rendered":"<p>La ministra de las Culturas, Carolina Arredondo, visit\u00f3 el Campus Linares de la Universidad de Talca, que albergar\u00e1 este proyecto pionero en la zona. La iniciativa busca fomentar las capacidades creativas de ni\u00f1as, ni\u00f1os y adolescentes.<\/p>\n","protected":false},"author":1,"featured_media":16328,"comment_status":"open","ping_status":"open","sticky":false,"template":"","format":"video","meta":{"om_disable_all_campaigns":false,"_monsterinsights_skip_tracking":false,"_monsterinsights_sitenote_active":false,"_monsterinsights_sitenote_note":"","_monsterinsights_sitenote_category":0,"footnotes":""},"categories":[93,92],"tags":[],"class_list":["post-16327","post","type-post","status-publish","format-video","has-post-thumbnail","hentry","category-noticias","category-utalcatv-informa","post_format-post-format-video","slider-tags-slider","slider-tags-utalcatv-informa"],"aioseo_notices":[],"_links":{"self":[{"href":"https:\/\/tv.utalca.cl\/index.php?rest_route=\/wp\/v2\/posts\/16327","targetHints":{"allow":["GET"]}}],"collection":[{"href":"https:\/\/tv.utalca.cl\/index.php?rest_route=\/wp\/v2\/posts"}],"about":[{"href":"https:\/\/tv.utalca.cl\/index.php?rest_route=\/wp\/v2\/types\/post"}],"author":[{"embeddable":true,"href":"https:\/\/tv.utalca.cl\/index.php?rest_route=\/wp\/v2\/users\/1"}],"replies":[{"embeddable":true,"href":"https:\/\/tv.utalca.cl\/index.php?rest_route=%2Fwp%2Fv2%2Fcomments&post=16327"}],"version-history":[{"count":2,"href":"https:\/\/tv.utalca.cl\/index.php?rest_route=\/wp\/v2\/posts\/16327\/revisions"}],"predecessor-version":[{"id":16333,"href":"https:\/\/tv.utalca.cl\/index.php?rest_route=\/wp\/v2\/posts\/16327\/revisions\/16333"}],"wp:featuredmedia":[{"embeddable":true,"href":"https:\/\/tv.utalca.cl\/index.php?rest_route=\/wp\/v2\/media\/16328"}],"wp:attachment":[{"href":"https:\/\/tv.utalca.cl\/index.php?rest_route=%2Fwp%2Fv2%2Fmedia&parent=16327"}],"wp:term":[{"taxonomy":"category","embeddable":true,"href":"https:\/\/tv.utalca.cl\/index.php?rest_route=%2Fwp%2Fv2%2Fcategories&post=16327"},{"taxonomy":"post_tag","embeddable":true,"href":"https:\/\/tv.utalca.cl\/index.php?rest_route=%2Fwp%2Fv2%2Ftags&post=16327"}],"curies":[{"name":"wp","href":"https:\/\/api.w.org\/{rel}","templated":true}]}}