{"id":16500,"date":"2024-11-25T15:43:16","date_gmt":"2024-11-25T18:43:16","guid":{"rendered":"https:\/\/tv.utalca.cl\/?p=16500"},"modified":"2025-03-24T08:31:38","modified_gmt":"2025-03-24T11:31:38","slug":"destacada-participacion-de-la-utalca-en-la-cop29","status":"publish","type":"post","link":"https:\/\/tv.utalca.cl\/?p=16500","title":{"rendered":"Destacada participaci\u00f3n de la UTalca en la COP29"},"content":{"rendered":"<p>Por primera vez, una universidad chilena forma parte de la conferencia realizada en Bak\u00fa, Azerbaiy\u00e1n. La participaci\u00f3n del equipo, encabezado por el rector Carlos Torres Fuchslocher, tuvo la posibilidad de presentar las investigaciones de la instituci\u00f3n y explorar nuevas oportunidades de colaboraci\u00f3n internacional.<\/p>\n","protected":false},"excerpt":{"rendered":"<p>Por primera vez, una universidad chilena forma parte de la conferencia realizada en Bak\u00fa, Azerbaiy\u00e1n. La participaci\u00f3n del equipo, encabezado por el rector Carlos Torres Fuchslocher, tuvo la posibilidad de presentar las investigaciones de la instituci\u00f3n y explorar nuevas oportunidades de colaboraci\u00f3n internacional.<\/p>\n","protected":false},"author":1,"featured_media":16490,"comment_status":"closed","ping_status":"open","sticky":false,"template":"","format":"video","meta":{"om_disable_all_campaigns":false,"_monsterinsights_skip_tracking":false,"_monsterinsights_sitenote_active":false,"_monsterinsights_sitenote_note":"","_monsterinsights_sitenote_category":0,"footnotes":""},"categories":[2320,93,92],"tags":[2319],"class_list":["post-16500","post","type-post","status-publish","format-video","has-post-thumbnail","hentry","category-cop29","category-noticias","category-utalcatv-informa","tag-cop29","post_format-post-format-video","slider-tags-slider","slider-tags-utalcatv-informa"],"aioseo_notices":[],"_links":{"self":[{"href":"https:\/\/tv.utalca.cl\/index.php?rest_route=\/wp\/v2\/posts\/16500","targetHints":{"allow":["GET"]}}],"collection":[{"href":"https:\/\/tv.utalca.cl\/index.php?rest_route=\/wp\/v2\/posts"}],"about":[{"href":"https:\/\/tv.utalca.cl\/index.php?rest_route=\/wp\/v2\/types\/post"}],"author":[{"embeddable":true,"href":"https:\/\/tv.utalca.cl\/index.php?rest_route=\/wp\/v2\/users\/1"}],"replies":[{"embeddable":true,"href":"https:\/\/tv.utalca.cl\/index.php?rest_route=%2Fwp%2Fv2%2Fcomments&post=16500"}],"version-history":[{"count":1,"href":"https:\/\/tv.utalca.cl\/index.php?rest_route=\/wp\/v2\/posts\/16500\/revisions"}],"predecessor-version":[{"id":16501,"href":"https:\/\/tv.utalca.cl\/index.php?rest_route=\/wp\/v2\/posts\/16500\/revisions\/16501"}],"wp:featuredmedia":[{"embeddable":true,"href":"https:\/\/tv.utalca.cl\/index.php?rest_route=\/wp\/v2\/media\/16490"}],"wp:attachment":[{"href":"https:\/\/tv.utalca.cl\/index.php?rest_route=%2Fwp%2Fv2%2Fmedia&parent=16500"}],"wp:term":[{"taxonomy":"category","embeddable":true,"href":"https:\/\/tv.utalca.cl\/index.php?rest_route=%2Fwp%2Fv2%2Fcategories&post=16500"},{"taxonomy":"post_tag","embeddable":true,"href":"https:\/\/tv.utalca.cl\/index.php?rest_route=%2Fwp%2Fv2%2Ftags&post=16500"}],"curies":[{"name":"wp","href":"https:\/\/api.w.org\/{rel}","templated":true}]}}