{"id":16548,"date":"2024-12-03T13:55:08","date_gmt":"2024-12-03T16:55:08","guid":{"rendered":"https:\/\/tv.utalca.cl\/?p=16548"},"modified":"2025-04-23T13:07:14","modified_gmt":"2025-04-23T17:07:14","slug":"simple-y-nutritivo-beneficios-de-la-dieta-mediterranea-2","status":"publish","type":"post","link":"https:\/\/tv.utalca.cl\/?p=16548","title":{"rendered":"Simple y Nutritivo: Alergias alimentarias"},"content":{"rendered":"\t\t<div data-elementor-type=\"wp-post\" data-elementor-id=\"16548\" class=\"elementor elementor-16548\" data-elementor-settings=\"[]\">\n\t\t\t\t\t\t<div class=\"elementor-inner\">\n\t\t\t\t\t\t\t<div class=\"elementor-section-wrap\">\n\t\t\t\t\t\t\t<section class=\"elementor-section elementor-top-section elementor-element elementor-element-773f886b elementor-section-boxed elementor-section-height-default elementor-section-height-default\" data-id=\"773f886b\" data-element_type=\"section\">\n\t\t\t\t\t\t<div class=\"elementor-container elementor-column-gap-default\">\n\t\t\t\t\t\t\t<div class=\"elementor-row\">\n\t\t\t\t\t<div class=\"elementor-column elementor-col-100 elementor-top-column elementor-element elementor-element-1e6b26fa\" data-id=\"1e6b26fa\" data-element_type=\"column\">\n\t\t\t<div class=\"elementor-column-wrap elementor-element-populated\">\n\t\t\t\t\t\t\t<div class=\"elementor-widget-wrap\">\n\t\t\t\t\t\t<div class=\"elementor-element elementor-element-3be8ac0f elementor-widget elementor-widget-text-editor\" data-id=\"3be8ac0f\" data-element_type=\"widget\" data-widget_type=\"text-editor.default\">\n\t\t\t\t<div class=\"elementor-widget-container\">\n\t\t\t\t\t\t\t\t<div class=\"elementor-text-editor elementor-clearfix\">\n\t\t\t\t<p>Invitada: Mar\u00eda Jos\u00e9 Rojas Morales, acad\u00e9mica de la Escuela de Nutrici\u00f3n y Diet\u00e9tica de la Universidad de Talca<\/p><p>En este cap\u00edtulo de <em>Simple y Nutritivo<\/em>, exploramos las alergias alimentarias con la nutricionista Mar\u00eda Jos\u00e9 Rojas, experta en nutrici\u00f3n pedi\u00e1trica. Aprende sobre los tipos de alergias, sus s\u00edntomas, diferencias con las intolerancias, principales al\u00e9rgenos y consejos pr\u00e1cticos para manejar una dieta libre de al\u00e9rgenos en ni\u00f1os. \u00a1Inf\u00f3rmate y cuida la salud de los m\u00e1s peque\u00f1os!<\/p>\t\t\t\t\t<\/div>\n\t\t\t\t\t\t<\/div>\n\t\t\t\t<\/div>\n\t\t\t\t\t\t<\/div>\n\t\t\t\t\t<\/div>\n\t\t<\/div>\n\t\t\t\t\t\t\t\t<\/div>\n\t\t\t\t\t<\/div>\n\t\t<\/section>\n\t\t\t\t\t\t<\/div>\n\t\t\t\t\t\t<\/div>\n\t\t\t\t\t<\/div>\n\t\t","protected":false},"excerpt":{"rendered":"<p>Invitada: Mar\u00eda Jos\u00e9 Rojas Morales, acad\u00e9mica de la Escuela de Nutrici\u00f3n y Diet\u00e9tica de la Universidad de Talca En este cap\u00edtulo de Simple y Nutritivo, exploramos las alergias alimentarias con la nutricionista Mar\u00eda Jos\u00e9 Rojas, experta en nutrici\u00f3n pedi\u00e1trica. Aprende sobre los tipos de alergias, sus s\u00edntomas, diferencias con las intolerancias, principales al\u00e9rgenos y consejos [&hellip;]<\/p>\n","protected":false},"author":1,"featured_media":16549,"comment_status":"closed","ping_status":"open","sticky":false,"template":"","format":"standard","meta":{"om_disable_all_campaigns":false,"_monsterinsights_skip_tracking":false,"_monsterinsights_sitenote_active":false,"_monsterinsights_sitenote_note":"","_monsterinsights_sitenote_category":0,"footnotes":""},"categories":[112,2177,2192],"tags":[2179,2180,2188,2216,1664,2205],"class_list":["post-16548","post","type-post","status-publish","format-standard","has-post-thumbnail","hentry","category-programa","category-simple-y-nutritivo","category-temporada-2","tag-comida-saludable","tag-comida-sana","tag-desayuno","tag-dieta-mediterranea","tag-nutricion-y-dietetica","tag-temporada-2","slider-tags-slider"],"aioseo_notices":[],"_links":{"self":[{"href":"https:\/\/tv.utalca.cl\/index.php?rest_route=\/wp\/v2\/posts\/16548","targetHints":{"allow":["GET"]}}],"collection":[{"href":"https:\/\/tv.utalca.cl\/index.php?rest_route=\/wp\/v2\/posts"}],"about":[{"href":"https:\/\/tv.utalca.cl\/index.php?rest_route=\/wp\/v2\/types\/post"}],"author":[{"embeddable":true,"href":"https:\/\/tv.utalca.cl\/index.php?rest_route=\/wp\/v2\/users\/1"}],"replies":[{"embeddable":true,"href":"https:\/\/tv.utalca.cl\/index.php?rest_route=%2Fwp%2Fv2%2Fcomments&post=16548"}],"version-history":[{"count":14,"href":"https:\/\/tv.utalca.cl\/index.php?rest_route=\/wp\/v2\/posts\/16548\/revisions"}],"predecessor-version":[{"id":16578,"href":"https:\/\/tv.utalca.cl\/index.php?rest_route=\/wp\/v2\/posts\/16548\/revisions\/16578"}],"wp:featuredmedia":[{"embeddable":true,"href":"https:\/\/tv.utalca.cl\/index.php?rest_route=\/wp\/v2\/media\/16549"}],"wp:attachment":[{"href":"https:\/\/tv.utalca.cl\/index.php?rest_route=%2Fwp%2Fv2%2Fmedia&parent=16548"}],"wp:term":[{"taxonomy":"category","embeddable":true,"href":"https:\/\/tv.utalca.cl\/index.php?rest_route=%2Fwp%2Fv2%2Fcategories&post=16548"},{"taxonomy":"post_tag","embeddable":true,"href":"https:\/\/tv.utalca.cl\/index.php?rest_route=%2Fwp%2Fv2%2Ftags&post=16548"}],"curies":[{"name":"wp","href":"https:\/\/api.w.org\/{rel}","templated":true}]}}