{"id":16981,"date":"2025-01-13T16:14:54","date_gmt":"2025-01-13T19:14:54","guid":{"rendered":"https:\/\/tv.utalca.cl\/?p=16981"},"modified":"2025-04-07T10:19:31","modified_gmt":"2025-04-07T14:19:31","slug":"inauguran-equipamiento-para-fortalecer-los-tratamientos-en-salud-mental-del-hospital-de-curico","status":"publish","type":"post","link":"https:\/\/tv.utalca.cl\/?p=16981","title":{"rendered":"Inauguran equipamiento para fortalecer los tratamientos en salud mental del Hospital de Curic\u00f3"},"content":{"rendered":"<p>La UTalca desarroll\u00f3 la implementaci\u00f3n de un sistema de audio para el funcionamiento de las salas espejo del recinto. Esta herramienta busca mejorar la atenci\u00f3n de los pacientes y contribuir a la formaci\u00f3n de nuevos especialistas.<\/p>\n","protected":false},"excerpt":{"rendered":"<p>La UTalca desarroll\u00f3 la implementaci\u00f3n de un sistema de audio para el funcionamiento de las salas espejo del recinto. Esta herramienta busca mejorar la atenci\u00f3n de los pacientes y contribuir a la formaci\u00f3n de nuevos especialistas.<\/p>\n","protected":false},"author":1,"featured_media":16982,"comment_status":"closed","ping_status":"open","sticky":false,"template":"","format":"video","meta":{"om_disable_all_campaigns":false,"_monsterinsights_skip_tracking":false,"_monsterinsights_sitenote_active":false,"_monsterinsights_sitenote_note":"","_monsterinsights_sitenote_category":0,"footnotes":""},"categories":[93,92],"tags":[],"class_list":["post-16981","post","type-post","status-publish","format-video","has-post-thumbnail","hentry","category-noticias","category-utalcatv-informa","post_format-post-format-video","slider-tags-slider","slider-tags-utalcatv-informa"],"aioseo_notices":[],"_links":{"self":[{"href":"https:\/\/tv.utalca.cl\/index.php?rest_route=\/wp\/v2\/posts\/16981","targetHints":{"allow":["GET"]}}],"collection":[{"href":"https:\/\/tv.utalca.cl\/index.php?rest_route=\/wp\/v2\/posts"}],"about":[{"href":"https:\/\/tv.utalca.cl\/index.php?rest_route=\/wp\/v2\/types\/post"}],"author":[{"embeddable":true,"href":"https:\/\/tv.utalca.cl\/index.php?rest_route=\/wp\/v2\/users\/1"}],"replies":[{"embeddable":true,"href":"https:\/\/tv.utalca.cl\/index.php?rest_route=%2Fwp%2Fv2%2Fcomments&post=16981"}],"version-history":[{"count":1,"href":"https:\/\/tv.utalca.cl\/index.php?rest_route=\/wp\/v2\/posts\/16981\/revisions"}],"predecessor-version":[{"id":16983,"href":"https:\/\/tv.utalca.cl\/index.php?rest_route=\/wp\/v2\/posts\/16981\/revisions\/16983"}],"wp:featuredmedia":[{"embeddable":true,"href":"https:\/\/tv.utalca.cl\/index.php?rest_route=\/wp\/v2\/media\/16982"}],"wp:attachment":[{"href":"https:\/\/tv.utalca.cl\/index.php?rest_route=%2Fwp%2Fv2%2Fmedia&parent=16981"}],"wp:term":[{"taxonomy":"category","embeddable":true,"href":"https:\/\/tv.utalca.cl\/index.php?rest_route=%2Fwp%2Fv2%2Fcategories&post=16981"},{"taxonomy":"post_tag","embeddable":true,"href":"https:\/\/tv.utalca.cl\/index.php?rest_route=%2Fwp%2Fv2%2Ftags&post=16981"}],"curies":[{"name":"wp","href":"https:\/\/api.w.org\/{rel}","templated":true}]}}