{"id":17267,"date":"2025-01-29T15:43:53","date_gmt":"2025-01-29T18:43:53","guid":{"rendered":"https:\/\/tv.utalca.cl\/?p=17267"},"modified":"2025-04-07T10:18:47","modified_gmt":"2025-04-07T14:18:47","slug":"inauguran-exposicion-que-fusiona-poesia-y-artes-visuales","status":"publish","type":"post","link":"https:\/\/tv.utalca.cl\/?p=17267","title":{"rendered":"Extensi\u00f3n de Santiago presenta exposici\u00f3n que fusiona poes\u00eda y artes visuales"},"content":{"rendered":"<p><span style=\"font-weight: 400;\">Se trata de \u201cEl arte del deseo. Po\u00e9tica de las im\u00e1genes\u201d, una muestra que reuni\u00f3 a destacados artistas en torno a la poes\u00eda y cont\u00f3 con la presentaci\u00f3n de la reconocida escritora Diamela Eltit.<\/span><\/p>\n","protected":false},"excerpt":{"rendered":"<p>Se trata de \u201cEl arte del deseo. Po\u00e9tica de las im\u00e1genes\u201d, una muestra que reuni\u00f3 a destacados artistas en torno a la poes\u00eda y cont\u00f3 con la presentaci\u00f3n de la reconocida escritora Diamela Eltit.<\/p>\n","protected":false},"author":1,"featured_media":17268,"comment_status":"closed","ping_status":"open","sticky":false,"template":"","format":"video","meta":{"om_disable_all_campaigns":false,"_monsterinsights_skip_tracking":false,"_monsterinsights_sitenote_active":false,"_monsterinsights_sitenote_note":"","_monsterinsights_sitenote_category":0,"footnotes":""},"categories":[93,92],"tags":[],"class_list":["post-17267","post","type-post","status-publish","format-video","has-post-thumbnail","hentry","category-noticias","category-utalcatv-informa","post_format-post-format-video","slider-tags-slider","slider-tags-utalcatv-informa"],"aioseo_notices":[],"_links":{"self":[{"href":"https:\/\/tv.utalca.cl\/index.php?rest_route=\/wp\/v2\/posts\/17267","targetHints":{"allow":["GET"]}}],"collection":[{"href":"https:\/\/tv.utalca.cl\/index.php?rest_route=\/wp\/v2\/posts"}],"about":[{"href":"https:\/\/tv.utalca.cl\/index.php?rest_route=\/wp\/v2\/types\/post"}],"author":[{"embeddable":true,"href":"https:\/\/tv.utalca.cl\/index.php?rest_route=\/wp\/v2\/users\/1"}],"replies":[{"embeddable":true,"href":"https:\/\/tv.utalca.cl\/index.php?rest_route=%2Fwp%2Fv2%2Fcomments&post=17267"}],"version-history":[{"count":2,"href":"https:\/\/tv.utalca.cl\/index.php?rest_route=\/wp\/v2\/posts\/17267\/revisions"}],"predecessor-version":[{"id":17270,"href":"https:\/\/tv.utalca.cl\/index.php?rest_route=\/wp\/v2\/posts\/17267\/revisions\/17270"}],"wp:featuredmedia":[{"embeddable":true,"href":"https:\/\/tv.utalca.cl\/index.php?rest_route=\/wp\/v2\/media\/17268"}],"wp:attachment":[{"href":"https:\/\/tv.utalca.cl\/index.php?rest_route=%2Fwp%2Fv2%2Fmedia&parent=17267"}],"wp:term":[{"taxonomy":"category","embeddable":true,"href":"https:\/\/tv.utalca.cl\/index.php?rest_route=%2Fwp%2Fv2%2Fcategories&post=17267"},{"taxonomy":"post_tag","embeddable":true,"href":"https:\/\/tv.utalca.cl\/index.php?rest_route=%2Fwp%2Fv2%2Ftags&post=17267"}],"curies":[{"name":"wp","href":"https:\/\/api.w.org\/{rel}","templated":true}]}}