{"id":1750,"date":"2019-01-14T15:52:18","date_gmt":"2019-01-14T15:52:18","guid":{"rendered":"http:\/\/desarrollowp.utalca.cl\/?p=1750"},"modified":"2025-04-11T13:22:49","modified_gmt":"2025-04-11T17:22:49","slug":"estudio-permitira-mejorar-proyectos-de-innovacion-en-el-maule","status":"publish","type":"post","link":"https:\/\/tv.utalca.cl\/?p=1750","title":{"rendered":"Estudio mejorar\u00e1 proyectos de innovaci\u00f3n en el Maule"},"content":{"rendered":"<p>Se oficializ\u00f3 convenio entre la UTALCA y Subsecretar\u00eda de Desarrollo Regional que permitir\u00e1 hacer un an\u00e1lisis de la inversi\u00f3n en esta materia a nivel local.<\/p>\n","protected":false},"excerpt":{"rendered":"<p>Se oficializ\u00f3 convenio entre la UTALCA y Subsecretar\u00eda de Desarrollo Regional que permitir\u00e1 hacer un an\u00e1lisis de la inversi\u00f3n en esta materia a nivel local.<\/p>\n","protected":false},"author":1,"featured_media":1751,"comment_status":"closed","ping_status":"open","sticky":false,"template":"","format":"video","meta":{"om_disable_all_campaigns":false,"_monsterinsights_skip_tracking":false,"_monsterinsights_sitenote_active":false,"_monsterinsights_sitenote_note":"","_monsterinsights_sitenote_category":0,"footnotes":""},"categories":[93,92],"tags":[180,94,130,81,312,79,70],"class_list":["post-1750","post","type-post","status-publish","format-video","has-post-thumbnail","hentry","category-noticias","category-utalcatv-informa","tag-campus-tv-informa","tag-campustv-informa","tag-innovacion","tag-region-del-maule","tag-subsecretaria-de-desarrollo-regional","tag-universidad-de-talca","tag-utalca","post_format-post-format-video","slider-tags-campustv-informa","slider-tags-slider","slider-tags-titular"],"aioseo_notices":[],"_links":{"self":[{"href":"https:\/\/tv.utalca.cl\/index.php?rest_route=\/wp\/v2\/posts\/1750","targetHints":{"allow":["GET"]}}],"collection":[{"href":"https:\/\/tv.utalca.cl\/index.php?rest_route=\/wp\/v2\/posts"}],"about":[{"href":"https:\/\/tv.utalca.cl\/index.php?rest_route=\/wp\/v2\/types\/post"}],"author":[{"embeddable":true,"href":"https:\/\/tv.utalca.cl\/index.php?rest_route=\/wp\/v2\/users\/1"}],"replies":[{"embeddable":true,"href":"https:\/\/tv.utalca.cl\/index.php?rest_route=%2Fwp%2Fv2%2Fcomments&post=1750"}],"version-history":[{"count":2,"href":"https:\/\/tv.utalca.cl\/index.php?rest_route=\/wp\/v2\/posts\/1750\/revisions"}],"predecessor-version":[{"id":2040,"href":"https:\/\/tv.utalca.cl\/index.php?rest_route=\/wp\/v2\/posts\/1750\/revisions\/2040"}],"wp:featuredmedia":[{"embeddable":true,"href":"https:\/\/tv.utalca.cl\/index.php?rest_route=\/wp\/v2\/media\/1751"}],"wp:attachment":[{"href":"https:\/\/tv.utalca.cl\/index.php?rest_route=%2Fwp%2Fv2%2Fmedia&parent=1750"}],"wp:term":[{"taxonomy":"category","embeddable":true,"href":"https:\/\/tv.utalca.cl\/index.php?rest_route=%2Fwp%2Fv2%2Fcategories&post=1750"},{"taxonomy":"post_tag","embeddable":true,"href":"https:\/\/tv.utalca.cl\/index.php?rest_route=%2Fwp%2Fv2%2Ftags&post=1750"}],"curies":[{"name":"wp","href":"https:\/\/api.w.org\/{rel}","templated":true}]}}