{"id":17504,"date":"2025-03-20T16:34:48","date_gmt":"2025-03-20T19:34:48","guid":{"rendered":"https:\/\/tv.utalca.cl\/?p=17504"},"modified":"2025-04-07T10:17:30","modified_gmt":"2025-04-07T14:17:30","slug":"lanzan-album-que-rescata-la-obra-de-mujeres-en-la-musica-clasica","status":"publish","type":"post","link":"https:\/\/tv.utalca.cl\/?p=17504","title":{"rendered":"Lanzan \u00e1lbum que rescata la obra de mujeres en la m\u00fasica cl\u00e1sica"},"content":{"rendered":"<p>El disco re\u00fane composiciones de pioneras del piano, incluyendo a las chilenas Carmela Mackenna y Mar\u00eda Luisa Sep\u00falveda, junto a referentes internacionales como H\u00e9l\u00e8ne de Montgeroult y Clara Schumann. La iniciativa es liderada por Marcela Lillo Tastes, acad\u00e9mica de la Escuela de M\u00fasica de la UTalca.<\/p>\n<p>&nbsp;<\/p>\n","protected":false},"excerpt":{"rendered":"<p>El disco re\u00fane composiciones de pioneras del piano, incluyendo a las chilenas Carmela Mackenna y Mar\u00eda Luisa Sep\u00falveda, junto a referentes internacionales como H\u00e9l\u00e8ne de Montgeroult y Clara Schumann. La iniciativa es liderada por Marcela Lillo Tastes, acad\u00e9mica de la Escuela de M\u00fasica de la UTalca. &nbsp;<\/p>\n","protected":false},"author":1,"featured_media":17505,"comment_status":"closed","ping_status":"open","sticky":false,"template":"","format":"video","meta":{"om_disable_all_campaigns":false,"_monsterinsights_skip_tracking":false,"_monsterinsights_sitenote_active":false,"_monsterinsights_sitenote_note":"","_monsterinsights_sitenote_category":0,"footnotes":""},"categories":[93,92],"tags":[],"class_list":["post-17504","post","type-post","status-publish","format-video","has-post-thumbnail","hentry","category-noticias","category-utalcatv-informa","post_format-post-format-video","slider-tags-slider","slider-tags-utalcatv-informa"],"aioseo_notices":[],"_links":{"self":[{"href":"https:\/\/tv.utalca.cl\/index.php?rest_route=\/wp\/v2\/posts\/17504","targetHints":{"allow":["GET"]}}],"collection":[{"href":"https:\/\/tv.utalca.cl\/index.php?rest_route=\/wp\/v2\/posts"}],"about":[{"href":"https:\/\/tv.utalca.cl\/index.php?rest_route=\/wp\/v2\/types\/post"}],"author":[{"embeddable":true,"href":"https:\/\/tv.utalca.cl\/index.php?rest_route=\/wp\/v2\/users\/1"}],"replies":[{"embeddable":true,"href":"https:\/\/tv.utalca.cl\/index.php?rest_route=%2Fwp%2Fv2%2Fcomments&post=17504"}],"version-history":[{"count":1,"href":"https:\/\/tv.utalca.cl\/index.php?rest_route=\/wp\/v2\/posts\/17504\/revisions"}],"predecessor-version":[{"id":17506,"href":"https:\/\/tv.utalca.cl\/index.php?rest_route=\/wp\/v2\/posts\/17504\/revisions\/17506"}],"wp:featuredmedia":[{"embeddable":true,"href":"https:\/\/tv.utalca.cl\/index.php?rest_route=\/wp\/v2\/media\/17505"}],"wp:attachment":[{"href":"https:\/\/tv.utalca.cl\/index.php?rest_route=%2Fwp%2Fv2%2Fmedia&parent=17504"}],"wp:term":[{"taxonomy":"category","embeddable":true,"href":"https:\/\/tv.utalca.cl\/index.php?rest_route=%2Fwp%2Fv2%2Fcategories&post=17504"},{"taxonomy":"post_tag","embeddable":true,"href":"https:\/\/tv.utalca.cl\/index.php?rest_route=%2Fwp%2Fv2%2Ftags&post=17504"}],"curies":[{"name":"wp","href":"https:\/\/api.w.org\/{rel}","templated":true}]}}